{"id":2613,"date":"2026-07-16T18:36:08","date_gmt":"2026-07-16T21:36:08","guid":{"rendered":"https:\/\/verdadesenoticias.com.br\/site\/?p=2613"},"modified":"2026-07-22T15:03:32","modified_gmt":"2026-07-22T18:03:32","slug":"iberdade-e-prerrogativas-moraes","status":"publish","type":"post","link":"https:\/\/verdadesenoticias.com.br\/site\/iberdade-e-prerrogativas-moraes\/","title":{"rendered":"iberdade e Prerrogativas (Moraes)"},"content":{"rendered":"<p>iberdade e Prerrogativas (Moraes)<br \/>\nT\u00edtulo (44 caracteres): OAB desafia Moraes por Fl\u00e1vio Bolsonaro<br \/>\nSubt\u00edtulo (48 caracteres): Ordem cita prerrogativas em pedido de visita<br \/>\nLegenda:<br \/>\nA OAB entrou em cena para desafiar uma restri\u00e7\u00e3o imposta pelo ministro Alexandre de Moraes, solicitando autoriza\u00e7\u00e3o para que o senador Fl\u00e1vio Bolsonaro visite seu pai. A entidade argumenta que a proibi\u00e7\u00e3o fere prerrogativas fundamentais da advocacia e o direito ao acompanhamento jur\u00eddico.<\/p>\n","protected":false},"excerpt":{"rendered":"<p>iberdade e Prerrogativas (Moraes) T\u00edtulo (44 caracteres): OAB desafia Moraes por Fl\u00e1vio Bolsonaro Subt\u00edtulo (48 caracteres): Ordem cita prerrogativas em pedido de visita Legenda: A OAB entrou em cena para desafiar uma restri\u00e7\u00e3o imposta pelo ministro Alexandre de Moraes, solicitando autoriza\u00e7\u00e3o para que o senador Fl\u00e1vio Bolsonaro visite seu pai. A entidade argumenta que a [&hellip;]<\/p>\n","protected":false},"author":1,"featured_media":2614,"comment_status":"open","ping_status":"open","sticky":false,"template":"","format":"standard","meta":{"footnotes":""},"categories":[1],"tags":[],"class_list":["post-2613","post","type-post","status-publish","format-standard","has-post-thumbnail","hentry","category-sem-categoria"],"_links":{"self":[{"href":"https:\/\/verdadesenoticias.com.br\/site\/wp-json\/wp\/v2\/posts\/2613","targetHints":{"allow":["GET"]}}],"collection":[{"href":"https:\/\/verdadesenoticias.com.br\/site\/wp-json\/wp\/v2\/posts"}],"about":[{"href":"https:\/\/verdadesenoticias.com.br\/site\/wp-json\/wp\/v2\/types\/post"}],"author":[{"embeddable":true,"href":"https:\/\/verdadesenoticias.com.br\/site\/wp-json\/wp\/v2\/users\/1"}],"replies":[{"embeddable":true,"href":"https:\/\/verdadesenoticias.com.br\/site\/wp-json\/wp\/v2\/comments?post=2613"}],"version-history":[{"count":1,"href":"https:\/\/verdadesenoticias.com.br\/site\/wp-json\/wp\/v2\/posts\/2613\/revisions"}],"predecessor-version":[{"id":2615,"href":"https:\/\/verdadesenoticias.com.br\/site\/wp-json\/wp\/v2\/posts\/2613\/revisions\/2615"}],"wp:featuredmedia":[{"embeddable":true,"href":"https:\/\/verdadesenoticias.com.br\/site\/wp-json\/wp\/v2\/media\/2614"}],"wp:attachment":[{"href":"https:\/\/verdadesenoticias.com.br\/site\/wp-json\/wp\/v2\/media?parent=2613"}],"wp:term":[{"taxonomy":"category","embeddable":true,"href":"https:\/\/verdadesenoticias.com.br\/site\/wp-json\/wp\/v2\/categories?post=2613"},{"taxonomy":"post_tag","embeddable":true,"href":"https:\/\/verdadesenoticias.com.br\/site\/wp-json\/wp\/v2\/tags?post=2613"}],"curies":[{"name":"wp","href":"https:\/\/api.w.org\/{rel}","templated":true}]}}