{"id":2616,"date":"2026-07-16T19:27:05","date_gmt":"2026-07-16T22:27:05","guid":{"rendered":"https:\/\/verdadesenoticias.com.br\/site\/?p=2616"},"modified":"2026-07-22T15:03:32","modified_gmt":"2026-07-22T18:03:32","slug":"saude-publica-distrito-federal","status":"publish","type":"post","link":"https:\/\/verdadesenoticias.com.br\/site\/saude-publica-distrito-federal\/","title":{"rendered":"Sa\u00fade P\u00fablica (Distrito Federal)"},"content":{"rendered":"<p>Sa\u00fade P\u00fablica (Distrito Federal)<br \/>\nT\u00edtulo (44 caracteres): Celina cobra atendimento ap\u00f3s mortes de m\u00e3es<br \/>\nSubt\u00edtulo (48 caracteres): &#8220;N\u00e3o toleramos falha&#8221;, diz vice ap\u00f3s trag\u00e9dias<br \/>\nLegenda:<br \/>\nAp\u00f3s casos tr\u00e1gicos de mortes de gestantes no Distrito Federal, a governadora em exerc\u00edcio, Celina Le\u00e3o, foi enf\u00e1tica: &#8220;N\u00e3o vamos tolerar falta de atendimento&#8221;. A gest\u00e3o promete medidas imediatas para apurar responsabilidades e garantir a seguran\u00e7a das futuras m\u00e3es na rede p\u00fablica de sa\u00fade.<\/p>\n","protected":false},"excerpt":{"rendered":"<p>Sa\u00fade P\u00fablica (Distrito Federal) T\u00edtulo (44 caracteres): Celina cobra atendimento ap\u00f3s mortes de m\u00e3es Subt\u00edtulo (48 caracteres): &#8220;N\u00e3o toleramos falha&#8221;, diz vice ap\u00f3s trag\u00e9dias Legenda: Ap\u00f3s casos tr\u00e1gicos de mortes de gestantes no Distrito Federal, a governadora em exerc\u00edcio, Celina Le\u00e3o, foi enf\u00e1tica: &#8220;N\u00e3o vamos tolerar falta de atendimento&#8221;. A gest\u00e3o promete medidas imediatas para [&hellip;]<\/p>\n","protected":false},"author":1,"featured_media":2617,"comment_status":"open","ping_status":"open","sticky":false,"template":"","format":"standard","meta":{"footnotes":""},"categories":[1],"tags":[],"class_list":["post-2616","post","type-post","status-publish","format-standard","has-post-thumbnail","hentry","category-sem-categoria"],"_links":{"self":[{"href":"https:\/\/verdadesenoticias.com.br\/site\/wp-json\/wp\/v2\/posts\/2616","targetHints":{"allow":["GET"]}}],"collection":[{"href":"https:\/\/verdadesenoticias.com.br\/site\/wp-json\/wp\/v2\/posts"}],"about":[{"href":"https:\/\/verdadesenoticias.com.br\/site\/wp-json\/wp\/v2\/types\/post"}],"author":[{"embeddable":true,"href":"https:\/\/verdadesenoticias.com.br\/site\/wp-json\/wp\/v2\/users\/1"}],"replies":[{"embeddable":true,"href":"https:\/\/verdadesenoticias.com.br\/site\/wp-json\/wp\/v2\/comments?post=2616"}],"version-history":[{"count":1,"href":"https:\/\/verdadesenoticias.com.br\/site\/wp-json\/wp\/v2\/posts\/2616\/revisions"}],"predecessor-version":[{"id":2618,"href":"https:\/\/verdadesenoticias.com.br\/site\/wp-json\/wp\/v2\/posts\/2616\/revisions\/2618"}],"wp:featuredmedia":[{"embeddable":true,"href":"https:\/\/verdadesenoticias.com.br\/site\/wp-json\/wp\/v2\/media\/2617"}],"wp:attachment":[{"href":"https:\/\/verdadesenoticias.com.br\/site\/wp-json\/wp\/v2\/media?parent=2616"}],"wp:term":[{"taxonomy":"category","embeddable":true,"href":"https:\/\/verdadesenoticias.com.br\/site\/wp-json\/wp\/v2\/categories?post=2616"},{"taxonomy":"post_tag","embeddable":true,"href":"https:\/\/verdadesenoticias.com.br\/site\/wp-json\/wp\/v2\/tags?post=2616"}],"curies":[{"name":"wp","href":"https:\/\/api.w.org\/{rel}","templated":true}]}}