{"id":2619,"date":"2026-07-16T20:12:09","date_gmt":"2026-07-16T23:12:09","guid":{"rendered":"https:\/\/verdadesenoticias.com.br\/site\/?p=2619"},"modified":"2026-07-22T15:03:33","modified_gmt":"2026-07-22T18:03:33","slug":"judiciario-e-politica-titulo","status":"publish","type":"post","link":"https:\/\/verdadesenoticias.com.br\/site\/judiciario-e-politica-titulo\/","title":{"rendered":"Judici\u00e1rio e Pol\u00edtica T\u00edtulo"},"content":{"rendered":"<p>Judici\u00e1rio e Pol\u00edtica<br \/>\nT\u00edtulo (44 caracteres): Dino intima l\u00edderes ap\u00f3s fala de Valdemar<br \/>\nSubt\u00edtulo (48 caracteres): Ministro do STF reage sobre pol\u00eamica de emendas<br \/>\nLegenda:<br \/>\nO ministro Fl\u00e1vio Dino determinou a intima\u00e7\u00e3o de presidentes de partidos pol\u00edticos ap\u00f3s declara\u00e7\u00f5es pol\u00eamicas de Valdemar Costa Neto sobre o uso de emendas parlamentares. O embate sobre o controle e a distribui\u00e7\u00e3o de recursos p\u00fablicos continua no centro do debate entre os poderes.<\/p>\n","protected":false},"excerpt":{"rendered":"<p>Judici\u00e1rio e Pol\u00edtica T\u00edtulo (44 caracteres): Dino intima l\u00edderes ap\u00f3s fala de Valdemar Subt\u00edtulo (48 caracteres): Ministro do STF reage sobre pol\u00eamica de emendas Legenda: O ministro Fl\u00e1vio Dino determinou a intima\u00e7\u00e3o de presidentes de partidos pol\u00edticos ap\u00f3s declara\u00e7\u00f5es pol\u00eamicas de Valdemar Costa Neto sobre o uso de emendas parlamentares. O embate sobre o controle [&hellip;]<\/p>\n","protected":false},"author":1,"featured_media":2620,"comment_status":"open","ping_status":"open","sticky":false,"template":"","format":"standard","meta":{"footnotes":""},"categories":[1],"tags":[],"class_list":["post-2619","post","type-post","status-publish","format-standard","has-post-thumbnail","hentry","category-sem-categoria"],"_links":{"self":[{"href":"https:\/\/verdadesenoticias.com.br\/site\/wp-json\/wp\/v2\/posts\/2619","targetHints":{"allow":["GET"]}}],"collection":[{"href":"https:\/\/verdadesenoticias.com.br\/site\/wp-json\/wp\/v2\/posts"}],"about":[{"href":"https:\/\/verdadesenoticias.com.br\/site\/wp-json\/wp\/v2\/types\/post"}],"author":[{"embeddable":true,"href":"https:\/\/verdadesenoticias.com.br\/site\/wp-json\/wp\/v2\/users\/1"}],"replies":[{"embeddable":true,"href":"https:\/\/verdadesenoticias.com.br\/site\/wp-json\/wp\/v2\/comments?post=2619"}],"version-history":[{"count":1,"href":"https:\/\/verdadesenoticias.com.br\/site\/wp-json\/wp\/v2\/posts\/2619\/revisions"}],"predecessor-version":[{"id":2621,"href":"https:\/\/verdadesenoticias.com.br\/site\/wp-json\/wp\/v2\/posts\/2619\/revisions\/2621"}],"wp:featuredmedia":[{"embeddable":true,"href":"https:\/\/verdadesenoticias.com.br\/site\/wp-json\/wp\/v2\/media\/2620"}],"wp:attachment":[{"href":"https:\/\/verdadesenoticias.com.br\/site\/wp-json\/wp\/v2\/media?parent=2619"}],"wp:term":[{"taxonomy":"category","embeddable":true,"href":"https:\/\/verdadesenoticias.com.br\/site\/wp-json\/wp\/v2\/categories?post=2619"},{"taxonomy":"post_tag","embeddable":true,"href":"https:\/\/verdadesenoticias.com.br\/site\/wp-json\/wp\/v2\/tags?post=2619"}],"curies":[{"name":"wp","href":"https:\/\/api.w.org\/{rel}","templated":true}]}}