{"id":2643,"date":"2026-07-17T13:30:08","date_gmt":"2026-07-17T16:30:08","guid":{"rendered":"https:\/\/verdadesenoticias.com.br\/site\/?p=2643"},"modified":"2026-07-22T15:03:38","modified_gmt":"2026-07-22T18:03:38","slug":"a-ocupacao-do-novo","status":"publish","type":"post","link":"https:\/\/verdadesenoticias.com.br\/site\/a-ocupacao-do-novo\/","title":{"rendered":"A ocupa\u00e7\u00e3o do novo"},"content":{"rendered":"<p>A ocupa\u00e7\u00e3o do novo centro administrativo inicia este m\u00eas. 2. O projeto visa centralizar servi\u00e7os e reduzir custos. 3. Servidores se preparam para a nova rotina de trabalho.<br \/>\n Hashtags:<\/p>\n","protected":false},"excerpt":{"rendered":"<p>A ocupa\u00e7\u00e3o do novo centro administrativo inicia este m\u00eas. 2. O projeto visa centralizar servi\u00e7os e reduzir custos. 3. Servidores se preparam para a nova rotina de trabalho. Hashtags:<\/p>\n","protected":false},"author":1,"featured_media":2644,"comment_status":"open","ping_status":"open","sticky":false,"template":"","format":"standard","meta":{"footnotes":""},"categories":[1],"tags":[],"class_list":["post-2643","post","type-post","status-publish","format-standard","has-post-thumbnail","hentry","category-sem-categoria"],"_links":{"self":[{"href":"https:\/\/verdadesenoticias.com.br\/site\/wp-json\/wp\/v2\/posts\/2643","targetHints":{"allow":["GET"]}}],"collection":[{"href":"https:\/\/verdadesenoticias.com.br\/site\/wp-json\/wp\/v2\/posts"}],"about":[{"href":"https:\/\/verdadesenoticias.com.br\/site\/wp-json\/wp\/v2\/types\/post"}],"author":[{"embeddable":true,"href":"https:\/\/verdadesenoticias.com.br\/site\/wp-json\/wp\/v2\/users\/1"}],"replies":[{"embeddable":true,"href":"https:\/\/verdadesenoticias.com.br\/site\/wp-json\/wp\/v2\/comments?post=2643"}],"version-history":[{"count":1,"href":"https:\/\/verdadesenoticias.com.br\/site\/wp-json\/wp\/v2\/posts\/2643\/revisions"}],"predecessor-version":[{"id":2645,"href":"https:\/\/verdadesenoticias.com.br\/site\/wp-json\/wp\/v2\/posts\/2643\/revisions\/2645"}],"wp:featuredmedia":[{"embeddable":true,"href":"https:\/\/verdadesenoticias.com.br\/site\/wp-json\/wp\/v2\/media\/2644"}],"wp:attachment":[{"href":"https:\/\/verdadesenoticias.com.br\/site\/wp-json\/wp\/v2\/media?parent=2643"}],"wp:term":[{"taxonomy":"category","embeddable":true,"href":"https:\/\/verdadesenoticias.com.br\/site\/wp-json\/wp\/v2\/categories?post=2643"},{"taxonomy":"post_tag","embeddable":true,"href":"https:\/\/verdadesenoticias.com.br\/site\/wp-json\/wp\/v2\/tags?post=2643"}],"curies":[{"name":"wp","href":"https:\/\/api.w.org\/{rel}","templated":true}]}}