{"id":2655,"date":"2026-07-17T16:30:08","date_gmt":"2026-07-17T19:30:08","guid":{"rendered":"https:\/\/verdadesenoticias.com.br\/site\/?p=2655"},"modified":"2026-07-22T15:03:40","modified_gmt":"2026-07-22T18:03:40","slug":"o-cenario-o-iconico","status":"publish","type":"post","link":"https:\/\/verdadesenoticias.com.br\/site\/o-cenario-o-iconico\/","title":{"rendered":"O Cen\u00e1rio: O ic\u00f4nico"},"content":{"rendered":"<p>O Cen\u00e1rio: O ic\u00f4nico complexo imobili\u00e1rio do Correio Braziliense, situado em Bras\u00edlia, entra novamente em processo de leil\u00e3o.<br \/>\nData Decisiva: A nova tentativa de arremate est\u00e1 agendada para ocorrer no dia 24 de julho, movimentando o setor imobili\u00e1rio local.<br \/>\nExpectativa: O mercado acompanha de perto os desdobramentos dessa venda, que representa um marco para a sede hist\u00f3rica dos Di\u00e1rios Associados.<\/p>\n","protected":false},"excerpt":{"rendered":"<p>O Cen\u00e1rio: O ic\u00f4nico complexo imobili\u00e1rio do Correio Braziliense, situado em Bras\u00edlia, entra novamente em processo de leil\u00e3o. Data Decisiva: A nova tentativa de arremate est\u00e1 agendada para ocorrer no dia 24 de julho, movimentando o setor imobili\u00e1rio local. Expectativa: O mercado acompanha de perto os desdobramentos dessa venda, que representa um marco para a [&hellip;]<\/p>\n","protected":false},"author":1,"featured_media":2656,"comment_status":"open","ping_status":"open","sticky":false,"template":"","format":"standard","meta":{"footnotes":""},"categories":[1],"tags":[],"class_list":["post-2655","post","type-post","status-publish","format-standard","has-post-thumbnail","hentry","category-sem-categoria"],"_links":{"self":[{"href":"https:\/\/verdadesenoticias.com.br\/site\/wp-json\/wp\/v2\/posts\/2655","targetHints":{"allow":["GET"]}}],"collection":[{"href":"https:\/\/verdadesenoticias.com.br\/site\/wp-json\/wp\/v2\/posts"}],"about":[{"href":"https:\/\/verdadesenoticias.com.br\/site\/wp-json\/wp\/v2\/types\/post"}],"author":[{"embeddable":true,"href":"https:\/\/verdadesenoticias.com.br\/site\/wp-json\/wp\/v2\/users\/1"}],"replies":[{"embeddable":true,"href":"https:\/\/verdadesenoticias.com.br\/site\/wp-json\/wp\/v2\/comments?post=2655"}],"version-history":[{"count":1,"href":"https:\/\/verdadesenoticias.com.br\/site\/wp-json\/wp\/v2\/posts\/2655\/revisions"}],"predecessor-version":[{"id":2657,"href":"https:\/\/verdadesenoticias.com.br\/site\/wp-json\/wp\/v2\/posts\/2655\/revisions\/2657"}],"wp:featuredmedia":[{"embeddable":true,"href":"https:\/\/verdadesenoticias.com.br\/site\/wp-json\/wp\/v2\/media\/2656"}],"wp:attachment":[{"href":"https:\/\/verdadesenoticias.com.br\/site\/wp-json\/wp\/v2\/media?parent=2655"}],"wp:term":[{"taxonomy":"category","embeddable":true,"href":"https:\/\/verdadesenoticias.com.br\/site\/wp-json\/wp\/v2\/categories?post=2655"},{"taxonomy":"post_tag","embeddable":true,"href":"https:\/\/verdadesenoticias.com.br\/site\/wp-json\/wp\/v2\/tags?post=2655"}],"curies":[{"name":"wp","href":"https:\/\/api.w.org\/{rel}","templated":true}]}}