{"id":2658,"date":"2026-07-17T17:15:05","date_gmt":"2026-07-17T20:15:05","guid":{"rendered":"https:\/\/verdadesenoticias.com.br\/site\/?p=2658"},"modified":"2026-07-22T15:03:41","modified_gmt":"2026-07-22T18:03:41","slug":"a-denuncia-o-deputado","status":"publish","type":"post","link":"https:\/\/verdadesenoticias.com.br\/site\/a-denuncia-o-deputado\/","title":{"rendered":"A Den\u00fancia: O deputado"},"content":{"rendered":"<p>A Den\u00fancia: O deputado federal Rodrigo Rollemberg est\u00e1 no centro de uma pol\u00eamica ap\u00f3s a utiliza\u00e7\u00e3o de um painel eletr\u00f4nico para divulgar sua campanha.<br \/>\nConduta em Quest\u00e3o: A estrat\u00e9gia de comunica\u00e7\u00e3o levantou questionamentos sobre a legalidade da exposi\u00e7\u00e3o, sendo apontada como conduta vedada no per\u00edodo.<br \/>\nA a\u00e7\u00e3o trouxe \u00e0 tona discuss\u00f5es sobre o uso de publicidade em espa\u00e7os p\u00fablicos e os limites \u00e9ticos na propaganda pol\u00edtica.<\/p>\n","protected":false},"excerpt":{"rendered":"<p>A Den\u00fancia: O deputado federal Rodrigo Rollemberg est\u00e1 no centro de uma pol\u00eamica ap\u00f3s a utiliza\u00e7\u00e3o de um painel eletr\u00f4nico para divulgar sua campanha. Conduta em Quest\u00e3o: A estrat\u00e9gia de comunica\u00e7\u00e3o levantou questionamentos sobre a legalidade da exposi\u00e7\u00e3o, sendo apontada como conduta vedada no per\u00edodo. A a\u00e7\u00e3o trouxe \u00e0 tona discuss\u00f5es sobre o uso de [&hellip;]<\/p>\n","protected":false},"author":1,"featured_media":2659,"comment_status":"open","ping_status":"open","sticky":false,"template":"","format":"standard","meta":{"footnotes":""},"categories":[1],"tags":[],"class_list":["post-2658","post","type-post","status-publish","format-standard","has-post-thumbnail","hentry","category-sem-categoria"],"_links":{"self":[{"href":"https:\/\/verdadesenoticias.com.br\/site\/wp-json\/wp\/v2\/posts\/2658","targetHints":{"allow":["GET"]}}],"collection":[{"href":"https:\/\/verdadesenoticias.com.br\/site\/wp-json\/wp\/v2\/posts"}],"about":[{"href":"https:\/\/verdadesenoticias.com.br\/site\/wp-json\/wp\/v2\/types\/post"}],"author":[{"embeddable":true,"href":"https:\/\/verdadesenoticias.com.br\/site\/wp-json\/wp\/v2\/users\/1"}],"replies":[{"embeddable":true,"href":"https:\/\/verdadesenoticias.com.br\/site\/wp-json\/wp\/v2\/comments?post=2658"}],"version-history":[{"count":1,"href":"https:\/\/verdadesenoticias.com.br\/site\/wp-json\/wp\/v2\/posts\/2658\/revisions"}],"predecessor-version":[{"id":2660,"href":"https:\/\/verdadesenoticias.com.br\/site\/wp-json\/wp\/v2\/posts\/2658\/revisions\/2660"}],"wp:featuredmedia":[{"embeddable":true,"href":"https:\/\/verdadesenoticias.com.br\/site\/wp-json\/wp\/v2\/media\/2659"}],"wp:attachment":[{"href":"https:\/\/verdadesenoticias.com.br\/site\/wp-json\/wp\/v2\/media?parent=2658"}],"wp:term":[{"taxonomy":"category","embeddable":true,"href":"https:\/\/verdadesenoticias.com.br\/site\/wp-json\/wp\/v2\/categories?post=2658"},{"taxonomy":"post_tag","embeddable":true,"href":"https:\/\/verdadesenoticias.com.br\/site\/wp-json\/wp\/v2\/tags?post=2658"}],"curies":[{"name":"wp","href":"https:\/\/api.w.org\/{rel}","templated":true}]}}