{"id":2670,"date":"2026-07-17T20:15:09","date_gmt":"2026-07-17T23:15:09","guid":{"rendered":"https:\/\/verdadesenoticias.com.br\/site\/?p=2670"},"modified":"2026-07-22T15:03:44","modified_gmt":"2026-07-22T18:03:44","slug":"o-cerco-esta-se-2","status":"publish","type":"post","link":"https:\/\/verdadesenoticias.com.br\/site\/o-cerco-esta-se-2\/","title":{"rendered":"O cerco est\u00e1 se"},"content":{"rendered":"<p>O cerco est\u00e1 se fechando. Um relat\u00f3rio contundente da Pol\u00edcia Federal detalhou um esquema organizado de intimida\u00e7\u00e3o com conex\u00f5es diretas ao chamado &#8220;Master&#8221;. A apura\u00e7\u00e3o revela t\u00e1ticas de press\u00e3o que colocam o foco das autoridades em novos personagens. O documento j\u00e1 circula nos gabinetes e promete provocar mudan\u00e7as dr\u00e1sticas no cen\u00e1rio de seguran\u00e7a p\u00fablica.<\/p>\n","protected":false},"excerpt":{"rendered":"<p>O cerco est\u00e1 se fechando. Um relat\u00f3rio contundente da Pol\u00edcia Federal detalhou um esquema organizado de intimida\u00e7\u00e3o com conex\u00f5es diretas ao chamado &#8220;Master&#8221;. A apura\u00e7\u00e3o revela t\u00e1ticas de press\u00e3o que colocam o foco das autoridades em novos personagens. O documento j\u00e1 circula nos gabinetes e promete provocar mudan\u00e7as dr\u00e1sticas no cen\u00e1rio de seguran\u00e7a p\u00fablica.<\/p>\n","protected":false},"author":1,"featured_media":2671,"comment_status":"open","ping_status":"open","sticky":false,"template":"","format":"standard","meta":{"footnotes":""},"categories":[1],"tags":[],"class_list":["post-2670","post","type-post","status-publish","format-standard","has-post-thumbnail","hentry","category-sem-categoria"],"_links":{"self":[{"href":"https:\/\/verdadesenoticias.com.br\/site\/wp-json\/wp\/v2\/posts\/2670","targetHints":{"allow":["GET"]}}],"collection":[{"href":"https:\/\/verdadesenoticias.com.br\/site\/wp-json\/wp\/v2\/posts"}],"about":[{"href":"https:\/\/verdadesenoticias.com.br\/site\/wp-json\/wp\/v2\/types\/post"}],"author":[{"embeddable":true,"href":"https:\/\/verdadesenoticias.com.br\/site\/wp-json\/wp\/v2\/users\/1"}],"replies":[{"embeddable":true,"href":"https:\/\/verdadesenoticias.com.br\/site\/wp-json\/wp\/v2\/comments?post=2670"}],"version-history":[{"count":1,"href":"https:\/\/verdadesenoticias.com.br\/site\/wp-json\/wp\/v2\/posts\/2670\/revisions"}],"predecessor-version":[{"id":2672,"href":"https:\/\/verdadesenoticias.com.br\/site\/wp-json\/wp\/v2\/posts\/2670\/revisions\/2672"}],"wp:featuredmedia":[{"embeddable":true,"href":"https:\/\/verdadesenoticias.com.br\/site\/wp-json\/wp\/v2\/media\/2671"}],"wp:attachment":[{"href":"https:\/\/verdadesenoticias.com.br\/site\/wp-json\/wp\/v2\/media?parent=2670"}],"wp:term":[{"taxonomy":"category","embeddable":true,"href":"https:\/\/verdadesenoticias.com.br\/site\/wp-json\/wp\/v2\/categories?post=2670"},{"taxonomy":"post_tag","embeddable":true,"href":"https:\/\/verdadesenoticias.com.br\/site\/wp-json\/wp\/v2\/tags?post=2670"}],"curies":[{"name":"wp","href":"https:\/\/api.w.org\/{rel}","templated":true}]}}