{"id":2696,"date":"2026-07-10T18:45:09","date_gmt":"2026-07-10T21:45:09","guid":{"rendered":"https:\/\/verdadesenoticias.com.br\/site\/?p=2696"},"modified":"2026-07-24T10:10:44","modified_gmt":"2026-07-24T13:10:44","slug":"deputado-admite-erro-apos-video-sem-cinto-o-deputado-federal","status":"publish","type":"post","link":"https:\/\/verdadesenoticias.com.br\/site\/deputado-admite-erro-apos-video-sem-cinto-o-deputado-federal\/","title":{"rendered":"DEPUTADO ADMITE ERRO AP\u00d3S V\u00cdDEO SEM CINTO O deputado federal"},"content":{"rendered":"<p>DEPUTADO ADMITE ERRO AP\u00d3S V\u00cdDEO SEM CINTO<br \/>\nO deputado federal Fred Linhares (Republicanos-DF) se pronunciou publicamente ap\u00f3s a repercuss\u00e3o de um v\u00eddeo em que aparece dirigindo sem camisa e sem o cinto de seguran\u00e7a. As imagens, gravadas no Setor de Mans\u00f5es do Lago Norte, no DF, geraram pol\u00eamica nas redes sociais nesta semana.<br \/>\n O que aconteceu:<br \/>\n O flagrante: O parlamentar foi filmado pelo seu personal trainer enquanto acelerava o ve\u00edculo em uma via p\u00fablica, passando inclusive em frente a uma escola local.<br \/>\n A infra\u00e7\u00e3o: Dirigir sem o cinto de seguran\u00e7a \u00e9 considerado uma infra\u00e7\u00e3o grave pelo C\u00f3digo de Tr\u00e2nsito Brasileiro (CTB), com penalidade de multa de R$ 195,23 e 5 pontos na carteira de habilita\u00e7\u00e3o (CNH).<br \/>\n O posicionamento do parlamentar:<br \/>\nEm nota e atrav\u00e9s de suas redes sociais, Fred Linhares reconheceu a falha e afirmou que o registro se tratava de um \u201cmomento de lazer particular\u201d.<br \/>\n\u201cReconhe\u00e7o que errei e destaco a import\u00e2ncia do uso do equipamento em qualquer trajeto, independentemente da dist\u00e2ncia.\u201d<br \/>\nMedidas tomadas: Para al\u00e9m do pedido de desculpas, o deputado informou que enviou um of\u00edcio ao Detran-DF solicitando formalmente que as provid\u00eancias administrativas cab\u00edveis (aplica\u00e7\u00e3o da multa e dos pontos) sejam adotadas contra ele mesmo.<br \/>\nO que voc\u00ea achou da atitude do parlamentar ap\u00f3s o ocorrido? Deixe sua opini\u00e3o nos coment\u00e1rios!<br \/>\nSegurancaNoTransito CorreioBraziliense<\/p>\n","protected":false},"excerpt":{"rendered":"<p>DEPUTADO ADMITE ERRO AP\u00d3S V\u00cdDEO SEM CINTO O deputado federal Fred Linhares (Republicanos-DF) se pronunciou publicamente ap\u00f3s a repercuss\u00e3o de um v\u00eddeo em que aparece dirigindo sem camisa e sem o cinto de seguran\u00e7a. As imagens, gravadas no Setor de Mans\u00f5es do Lago Norte, no DF, geraram pol\u00eamica nas redes sociais nesta semana. O que [&hellip;]<\/p>\n","protected":false},"author":1,"featured_media":2697,"comment_status":"open","ping_status":"open","sticky":false,"template":"","format":"standard","meta":{"footnotes":""},"categories":[1],"tags":[],"class_list":["post-2696","post","type-post","status-publish","format-standard","has-post-thumbnail","hentry","category-sem-categoria"],"_links":{"self":[{"href":"https:\/\/verdadesenoticias.com.br\/site\/wp-json\/wp\/v2\/posts\/2696","targetHints":{"allow":["GET"]}}],"collection":[{"href":"https:\/\/verdadesenoticias.com.br\/site\/wp-json\/wp\/v2\/posts"}],"about":[{"href":"https:\/\/verdadesenoticias.com.br\/site\/wp-json\/wp\/v2\/types\/post"}],"author":[{"embeddable":true,"href":"https:\/\/verdadesenoticias.com.br\/site\/wp-json\/wp\/v2\/users\/1"}],"replies":[{"embeddable":true,"href":"https:\/\/verdadesenoticias.com.br\/site\/wp-json\/wp\/v2\/comments?post=2696"}],"version-history":[{"count":1,"href":"https:\/\/verdadesenoticias.com.br\/site\/wp-json\/wp\/v2\/posts\/2696\/revisions"}],"predecessor-version":[{"id":2698,"href":"https:\/\/verdadesenoticias.com.br\/site\/wp-json\/wp\/v2\/posts\/2696\/revisions\/2698"}],"wp:featuredmedia":[{"embeddable":true,"href":"https:\/\/verdadesenoticias.com.br\/site\/wp-json\/wp\/v2\/media\/2697"}],"wp:attachment":[{"href":"https:\/\/verdadesenoticias.com.br\/site\/wp-json\/wp\/v2\/media?parent=2696"}],"wp:term":[{"taxonomy":"category","embeddable":true,"href":"https:\/\/verdadesenoticias.com.br\/site\/wp-json\/wp\/v2\/categories?post=2696"},{"taxonomy":"post_tag","embeddable":true,"href":"https:\/\/verdadesenoticias.com.br\/site\/wp-json\/wp\/v2\/tags?post=2696"}],"curies":[{"name":"wp","href":"https:\/\/api.w.org\/{rel}","templated":true}]}}