{"id":2699,"date":"2026-07-10T20:00:06","date_gmt":"2026-07-10T23:00:06","guid":{"rendered":"https:\/\/verdadesenoticias.com.br\/site\/?p=2699"},"modified":"2026-07-24T10:10:45","modified_gmt":"2026-07-24T13:10:45","slug":"reviravolta-na-politica-ibaneis-rocha-pega-mdb-de-surpresa-a","status":"publish","type":"post","link":"https:\/\/verdadesenoticias.com.br\/site\/reviravolta-na-politica-ibaneis-rocha-pega-mdb-de-surpresa-a\/","title":{"rendered":"REVIRAVOLTA NA POL\u00cdTICA: Ibaneis Rocha pega MDB de surpresa! A"},"content":{"rendered":"<p>REVIRAVOLTA NA POL\u00cdTICA: Ibaneis Rocha pega MDB de surpresa!<br \/>\nA decis\u00e3o do governador do Distrito Federal, Ibaneis Rocha, de desistir de sua pr\u00e9-candidatura ao Senado chocou a c\u00fapula nacional do MDB. O movimento, que n\u00e3o estava no radar das principais lideran\u00e7as do partido, muda drasticamente o tabuleiro pol\u00edtico e as estrat\u00e9gias para as pr\u00f3ximas elei\u00e7\u00f5es.<br \/>\nO que est\u00e1 por tr\u00e1s disso?<br \/>\n Surpresa total: Aliados e caciques do partido foram pegos desprevenidos com o an\u00fancio, j\u00e1 que a candidatura era tida como um dos pilares da legenda no DF.<br \/>\n Articula\u00e7\u00f5es de bastidores: A desist\u00eancia abre espa\u00e7o para novas composi\u00e7\u00f5es e rearranjos entre as for\u00e7as pol\u00edticas locais e nacionais.<br \/>\n Pr\u00f3ximos passos: O MDB agora corre contra o tempo para reorganizar sua base e definir como preencher o v\u00e1cuo deixado por Ibaneis na disputa majorit\u00e1ria.<br \/>\nA sa\u00edda de cena de um nome forte como o dele redefine os rumos da pol\u00edtica na capital.<br \/>\n O que voc\u00ea achou dessa decis\u00e3o do governador? Quem voc\u00ea acha que ganha e quem perde com essa desist\u00eancia? Deixe sua opini\u00e3o nos coment\u00e1rios!<br \/>\n\ud83d\udcf8 Repost: @Metropoles \/ Igor Gadelha<br \/>\nBastidoresDaPolitica Noticias<\/p>\n","protected":false},"excerpt":{"rendered":"<p>REVIRAVOLTA NA POL\u00cdTICA: Ibaneis Rocha pega MDB de surpresa! A decis\u00e3o do governador do Distrito Federal, Ibaneis Rocha, de desistir de sua pr\u00e9-candidatura ao Senado chocou a c\u00fapula nacional do MDB. O movimento, que n\u00e3o estava no radar das principais lideran\u00e7as do partido, muda drasticamente o tabuleiro pol\u00edtico e as estrat\u00e9gias para as pr\u00f3ximas elei\u00e7\u00f5es. [&hellip;]<\/p>\n","protected":false},"author":1,"featured_media":2700,"comment_status":"open","ping_status":"open","sticky":false,"template":"","format":"standard","meta":{"footnotes":""},"categories":[1],"tags":[],"class_list":["post-2699","post","type-post","status-publish","format-standard","has-post-thumbnail","hentry","category-sem-categoria"],"_links":{"self":[{"href":"https:\/\/verdadesenoticias.com.br\/site\/wp-json\/wp\/v2\/posts\/2699","targetHints":{"allow":["GET"]}}],"collection":[{"href":"https:\/\/verdadesenoticias.com.br\/site\/wp-json\/wp\/v2\/posts"}],"about":[{"href":"https:\/\/verdadesenoticias.com.br\/site\/wp-json\/wp\/v2\/types\/post"}],"author":[{"embeddable":true,"href":"https:\/\/verdadesenoticias.com.br\/site\/wp-json\/wp\/v2\/users\/1"}],"replies":[{"embeddable":true,"href":"https:\/\/verdadesenoticias.com.br\/site\/wp-json\/wp\/v2\/comments?post=2699"}],"version-history":[{"count":1,"href":"https:\/\/verdadesenoticias.com.br\/site\/wp-json\/wp\/v2\/posts\/2699\/revisions"}],"predecessor-version":[{"id":2701,"href":"https:\/\/verdadesenoticias.com.br\/site\/wp-json\/wp\/v2\/posts\/2699\/revisions\/2701"}],"wp:featuredmedia":[{"embeddable":true,"href":"https:\/\/verdadesenoticias.com.br\/site\/wp-json\/wp\/v2\/media\/2700"}],"wp:attachment":[{"href":"https:\/\/verdadesenoticias.com.br\/site\/wp-json\/wp\/v2\/media?parent=2699"}],"wp:term":[{"taxonomy":"category","embeddable":true,"href":"https:\/\/verdadesenoticias.com.br\/site\/wp-json\/wp\/v2\/categories?post=2699"},{"taxonomy":"post_tag","embeddable":true,"href":"https:\/\/verdadesenoticias.com.br\/site\/wp-json\/wp\/v2\/tags?post=2699"}],"curies":[{"name":"wp","href":"https:\/\/api.w.org\/{rel}","templated":true}]}}