{"id":2702,"date":"2026-07-10T21:00:06","date_gmt":"2026-07-11T00:00:06","guid":{"rendered":"https:\/\/verdadesenoticias.com.br\/site\/?p=2702"},"modified":"2026-07-24T10:10:46","modified_gmt":"2026-07-24T13:10:46","slug":"bastidores-em-brasilia-o-ministro-do-stf-alexandre-de","status":"publish","type":"post","link":"https:\/\/verdadesenoticias.com.br\/site\/bastidores-em-brasilia-o-ministro-do-stf-alexandre-de\/","title":{"rendered":"BASTIDORES EM BRAS\u00cdLIA | O ministro do STF, Alexandre de"},"content":{"rendered":"<p>BASTIDORES EM BRAS\u00cdLIA | O ministro do STF, Alexandre de Moraes, ignorou o posicionamento da Procuradoria-Geral da Rep\u00fablica (PGR) ao ordenar a busca e apreens\u00e3o de armas na casa do ex-presidente Jair Bolsonaro.<br \/>\nA informa\u00e7\u00e3o \u00e9 do colunista Igor Gadelha, do Metr\u00f3poles.<br \/>\n O que aconteceu: A PGR havia se manifestado contra a medida espec\u00edfica de busca por armamentos na resid\u00eancia de Bolsonaro.<br \/>\n A decis\u00e3o: Mesmo com o parecer contr\u00e1rio do \u00f3rg\u00e3o acusador, Moraes manteve a ordem e determinou a execu\u00e7\u00e3o da busca de forma independente.<br \/>\nO caso volta a acender os debates jur\u00eddicos e pol\u00edticos sobre a autonomia das decis\u00f5es do STF em face dos pareceres da Procuradoria.<br \/>\n O que voc\u00ea acha dessa decis\u00e3o? Deixe sua opini\u00e3o nos coment\u00e1rios de forma respeitosa.<br \/>\n Siga o perfil para acompanhar os desdobramentos de Bras\u00edlia.<br \/>\nPGR Brasil<\/p>\n","protected":false},"excerpt":{"rendered":"<p>BASTIDORES EM BRAS\u00cdLIA | O ministro do STF, Alexandre de Moraes, ignorou o posicionamento da Procuradoria-Geral da Rep\u00fablica (PGR) ao ordenar a busca e apreens\u00e3o de armas na casa do ex-presidente Jair Bolsonaro. A informa\u00e7\u00e3o \u00e9 do colunista Igor Gadelha, do Metr\u00f3poles. O que aconteceu: A PGR havia se manifestado contra a medida espec\u00edfica de [&hellip;]<\/p>\n","protected":false},"author":1,"featured_media":2703,"comment_status":"open","ping_status":"open","sticky":false,"template":"","format":"standard","meta":{"footnotes":""},"categories":[1],"tags":[],"class_list":["post-2702","post","type-post","status-publish","format-standard","has-post-thumbnail","hentry","category-sem-categoria"],"_links":{"self":[{"href":"https:\/\/verdadesenoticias.com.br\/site\/wp-json\/wp\/v2\/posts\/2702","targetHints":{"allow":["GET"]}}],"collection":[{"href":"https:\/\/verdadesenoticias.com.br\/site\/wp-json\/wp\/v2\/posts"}],"about":[{"href":"https:\/\/verdadesenoticias.com.br\/site\/wp-json\/wp\/v2\/types\/post"}],"author":[{"embeddable":true,"href":"https:\/\/verdadesenoticias.com.br\/site\/wp-json\/wp\/v2\/users\/1"}],"replies":[{"embeddable":true,"href":"https:\/\/verdadesenoticias.com.br\/site\/wp-json\/wp\/v2\/comments?post=2702"}],"version-history":[{"count":1,"href":"https:\/\/verdadesenoticias.com.br\/site\/wp-json\/wp\/v2\/posts\/2702\/revisions"}],"predecessor-version":[{"id":2704,"href":"https:\/\/verdadesenoticias.com.br\/site\/wp-json\/wp\/v2\/posts\/2702\/revisions\/2704"}],"wp:featuredmedia":[{"embeddable":true,"href":"https:\/\/verdadesenoticias.com.br\/site\/wp-json\/wp\/v2\/media\/2703"}],"wp:attachment":[{"href":"https:\/\/verdadesenoticias.com.br\/site\/wp-json\/wp\/v2\/media?parent=2702"}],"wp:term":[{"taxonomy":"category","embeddable":true,"href":"https:\/\/verdadesenoticias.com.br\/site\/wp-json\/wp\/v2\/categories?post=2702"},{"taxonomy":"post_tag","embeddable":true,"href":"https:\/\/verdadesenoticias.com.br\/site\/wp-json\/wp\/v2\/tags?post=2702"}],"curies":[{"name":"wp","href":"https:\/\/api.w.org\/{rel}","templated":true}]}}