{"id":2705,"date":"2026-07-14T10:46:59","date_gmt":"2026-07-14T13:46:59","guid":{"rendered":"https:\/\/verdadesenoticias.com.br\/site\/?p=2705"},"modified":"2026-07-24T10:10:47","modified_gmt":"2026-07-24T13:10:47","slug":"policia-civil-arquiva-caso-de-morte-na-upa-do-recanto","status":"publish","type":"post","link":"https:\/\/verdadesenoticias.com.br\/site\/policia-civil-arquiva-caso-de-morte-na-upa-do-recanto\/","title":{"rendered":"Pol\u00edcia Civil arquiva caso de morte na UPA do Recanto"},"content":{"rendered":"<p>Pol\u00edcia Civil arquiva caso de morte na UPA do Recanto das Emas  A PCDF concluiu que a morte de Vilmar Pereira da Silva, de 49 anos, ocorrida em uma cadeira de rodas na antessala da UPA do Recanto das Emas em junho, ocorreu por causas naturais. Com base nos laudos e nas investiga\u00e7\u00f5es, a ocorr\u00eancia foi arquivada sem abertura de inqu\u00e9rito.<\/p>\n","protected":false},"excerpt":{"rendered":"<p>Pol\u00edcia Civil arquiva caso de morte na UPA do Recanto das Emas A PCDF concluiu que a morte de Vilmar Pereira da Silva, de 49 anos, ocorrida em uma cadeira de rodas na antessala da UPA do Recanto das Emas em junho, ocorreu por causas naturais. Com base nos laudos e nas investiga\u00e7\u00f5es, a ocorr\u00eancia [&hellip;]<\/p>\n","protected":false},"author":1,"featured_media":2706,"comment_status":"open","ping_status":"open","sticky":false,"template":"","format":"standard","meta":{"footnotes":""},"categories":[1],"tags":[],"class_list":["post-2705","post","type-post","status-publish","format-standard","has-post-thumbnail","hentry","category-sem-categoria"],"_links":{"self":[{"href":"https:\/\/verdadesenoticias.com.br\/site\/wp-json\/wp\/v2\/posts\/2705","targetHints":{"allow":["GET"]}}],"collection":[{"href":"https:\/\/verdadesenoticias.com.br\/site\/wp-json\/wp\/v2\/posts"}],"about":[{"href":"https:\/\/verdadesenoticias.com.br\/site\/wp-json\/wp\/v2\/types\/post"}],"author":[{"embeddable":true,"href":"https:\/\/verdadesenoticias.com.br\/site\/wp-json\/wp\/v2\/users\/1"}],"replies":[{"embeddable":true,"href":"https:\/\/verdadesenoticias.com.br\/site\/wp-json\/wp\/v2\/comments?post=2705"}],"version-history":[{"count":1,"href":"https:\/\/verdadesenoticias.com.br\/site\/wp-json\/wp\/v2\/posts\/2705\/revisions"}],"predecessor-version":[{"id":2707,"href":"https:\/\/verdadesenoticias.com.br\/site\/wp-json\/wp\/v2\/posts\/2705\/revisions\/2707"}],"wp:featuredmedia":[{"embeddable":true,"href":"https:\/\/verdadesenoticias.com.br\/site\/wp-json\/wp\/v2\/media\/2706"}],"wp:attachment":[{"href":"https:\/\/verdadesenoticias.com.br\/site\/wp-json\/wp\/v2\/media?parent=2705"}],"wp:term":[{"taxonomy":"category","embeddable":true,"href":"https:\/\/verdadesenoticias.com.br\/site\/wp-json\/wp\/v2\/categories?post=2705"},{"taxonomy":"post_tag","embeddable":true,"href":"https:\/\/verdadesenoticias.com.br\/site\/wp-json\/wp\/v2\/tags?post=2705"}],"curies":[{"name":"wp","href":"https:\/\/api.w.org\/{rel}","templated":true}]}}