{"id":2717,"date":"2026-07-14T18:43:40","date_gmt":"2026-07-14T21:43:40","guid":{"rendered":"https:\/\/verdadesenoticias.com.br\/site\/?p=2717"},"modified":"2026-07-24T10:10:51","modified_gmt":"2026-07-24T13:10:51","slug":"decisao-de-alexandre-de-moraes-de-suspender-visitas-a-bolsonaro","status":"publish","type":"post","link":"https:\/\/verdadesenoticias.com.br\/site\/decisao-de-alexandre-de-moraes-de-suspender-visitas-a-bolsonaro\/","title":{"rendered":"Decis\u00e3o de Alexandre de Moraes de suspender visitas a Bolsonaro"},"content":{"rendered":"<p>Decis\u00e3o de Alexandre de Moraes de suspender visitas a Bolsonaro gera embates pol\u00edticos<br \/>\nA decis\u00e3o do ministro do STF, Alexandre de Moraes, de suspender temporariamente por 90 dias as visitas do senador Fl\u00e1vio Bolsonaro ao pai, o ex-presidente Jair Bolsonaro, movimenta o cen\u00e1rio pol\u00edtico. Aliados e frentes partid\u00e1rias calculam os preju\u00edzos e o impacto nas estrat\u00e9gias de campanha eleitoral de 2026, com debates sobre limites constitucionais e o direito a v\u00ednculos familiares.<\/p>\n","protected":false},"excerpt":{"rendered":"<p>Decis\u00e3o de Alexandre de Moraes de suspender visitas a Bolsonaro gera embates pol\u00edticos A decis\u00e3o do ministro do STF, Alexandre de Moraes, de suspender temporariamente por 90 dias as visitas do senador Fl\u00e1vio Bolsonaro ao pai, o ex-presidente Jair Bolsonaro, movimenta o cen\u00e1rio pol\u00edtico. Aliados e frentes partid\u00e1rias calculam os preju\u00edzos e o impacto nas [&hellip;]<\/p>\n","protected":false},"author":1,"featured_media":2718,"comment_status":"open","ping_status":"open","sticky":false,"template":"","format":"standard","meta":{"footnotes":""},"categories":[1],"tags":[],"class_list":["post-2717","post","type-post","status-publish","format-standard","has-post-thumbnail","hentry","category-sem-categoria"],"_links":{"self":[{"href":"https:\/\/verdadesenoticias.com.br\/site\/wp-json\/wp\/v2\/posts\/2717","targetHints":{"allow":["GET"]}}],"collection":[{"href":"https:\/\/verdadesenoticias.com.br\/site\/wp-json\/wp\/v2\/posts"}],"about":[{"href":"https:\/\/verdadesenoticias.com.br\/site\/wp-json\/wp\/v2\/types\/post"}],"author":[{"embeddable":true,"href":"https:\/\/verdadesenoticias.com.br\/site\/wp-json\/wp\/v2\/users\/1"}],"replies":[{"embeddable":true,"href":"https:\/\/verdadesenoticias.com.br\/site\/wp-json\/wp\/v2\/comments?post=2717"}],"version-history":[{"count":1,"href":"https:\/\/verdadesenoticias.com.br\/site\/wp-json\/wp\/v2\/posts\/2717\/revisions"}],"predecessor-version":[{"id":2719,"href":"https:\/\/verdadesenoticias.com.br\/site\/wp-json\/wp\/v2\/posts\/2717\/revisions\/2719"}],"wp:featuredmedia":[{"embeddable":true,"href":"https:\/\/verdadesenoticias.com.br\/site\/wp-json\/wp\/v2\/media\/2718"}],"wp:attachment":[{"href":"https:\/\/verdadesenoticias.com.br\/site\/wp-json\/wp\/v2\/media?parent=2717"}],"wp:term":[{"taxonomy":"category","embeddable":true,"href":"https:\/\/verdadesenoticias.com.br\/site\/wp-json\/wp\/v2\/categories?post=2717"},{"taxonomy":"post_tag","embeddable":true,"href":"https:\/\/verdadesenoticias.com.br\/site\/wp-json\/wp\/v2\/tags?post=2717"}],"curies":[{"name":"wp","href":"https:\/\/api.w.org\/{rel}","templated":true}]}}