{"id":2723,"date":"2026-07-15T12:30:32","date_gmt":"2026-07-15T15:30:32","guid":{"rendered":"https:\/\/verdadesenoticias.com.br\/site\/?p=2723"},"modified":"2026-07-24T10:10:52","modified_gmt":"2026-07-24T13:10:52","slug":"em-uma-nova-movimentacao-que-mexe-com-os-bastidores-politicos","status":"publish","type":"post","link":"https:\/\/verdadesenoticias.com.br\/site\/em-uma-nova-movimentacao-que-mexe-com-os-bastidores-politicos\/","title":{"rendered":"Em uma nova movimenta\u00e7\u00e3o que mexe com os bastidores pol\u00edticos"},"content":{"rendered":"<p>Em uma nova movimenta\u00e7\u00e3o que mexe com os bastidores pol\u00edticos do pa\u00eds e do Distrito Federal, o ministro do Supremo Tribunal Federal (STF), Fl\u00e1vio Dino, intimou os presidentes de 21 partidos pol\u00edticos a prestarem esclarecimentos no prazo de 10 dias.<\/p>\n<p>O que aconteceu?<br \/>\nA decis\u00e3o foi motivada ap\u00f3s o presidente do Partido Liberal (PL), Valdemar Costa Neto, admitir publicamente que dirigentes partid\u00e1rios interferem diretamente na destina\u00e7\u00e3o e distribui\u00e7\u00e3o de emendas parlamentares \u2014 mesmo sem exercerem mandatos no Poder Legislativo.<\/p>\n<p>Dino, que \u00e9 o relator das investiga\u00e7\u00f5es sobre o controle e a transpar\u00eancia das emendas no STF, destacou que essa pr\u00e1tica, se confirmada, \u00e9 uma novidade no processo e precisa ser devidamente explicada pelas siglas. Os partidos dever\u00e3o esclarecer se os seus presidentes possuem cotas ou reservas de emendas, qual o fundamento jur\u00eddico para isso e como funciona esse fluxo de distribui\u00e7\u00e3o.<\/p>\n<p>Transpar\u00eancia com o dinheiro p\u00fablico \u00e9 prioridade. Seguiremos acompanhando os desdobramentos dessa decis\u00e3o e trazendo os fatos reais para voc\u00ea.<\/p>\n<p>Deixe sua opini\u00e3o nos coment\u00e1rios: o que voc\u00ea acha do controle de emendas por dirigentes de partidos?<\/p>\n","protected":false},"excerpt":{"rendered":"<p>Em uma nova movimenta\u00e7\u00e3o que mexe com os bastidores pol\u00edticos do pa\u00eds e do Distrito Federal, o ministro do Supremo Tribunal Federal (STF), Fl\u00e1vio Dino, intimou os presidentes de 21 partidos pol\u00edticos a prestarem esclarecimentos no prazo de 10 dias. O que aconteceu? A decis\u00e3o foi motivada ap\u00f3s o presidente do Partido Liberal (PL), Valdemar [&hellip;]<\/p>\n","protected":false},"author":1,"featured_media":2724,"comment_status":"open","ping_status":"open","sticky":false,"template":"","format":"standard","meta":{"footnotes":""},"categories":[1],"tags":[],"class_list":["post-2723","post","type-post","status-publish","format-standard","has-post-thumbnail","hentry","category-sem-categoria"],"_links":{"self":[{"href":"https:\/\/verdadesenoticias.com.br\/site\/wp-json\/wp\/v2\/posts\/2723","targetHints":{"allow":["GET"]}}],"collection":[{"href":"https:\/\/verdadesenoticias.com.br\/site\/wp-json\/wp\/v2\/posts"}],"about":[{"href":"https:\/\/verdadesenoticias.com.br\/site\/wp-json\/wp\/v2\/types\/post"}],"author":[{"embeddable":true,"href":"https:\/\/verdadesenoticias.com.br\/site\/wp-json\/wp\/v2\/users\/1"}],"replies":[{"embeddable":true,"href":"https:\/\/verdadesenoticias.com.br\/site\/wp-json\/wp\/v2\/comments?post=2723"}],"version-history":[{"count":1,"href":"https:\/\/verdadesenoticias.com.br\/site\/wp-json\/wp\/v2\/posts\/2723\/revisions"}],"predecessor-version":[{"id":2725,"href":"https:\/\/verdadesenoticias.com.br\/site\/wp-json\/wp\/v2\/posts\/2723\/revisions\/2725"}],"wp:featuredmedia":[{"embeddable":true,"href":"https:\/\/verdadesenoticias.com.br\/site\/wp-json\/wp\/v2\/media\/2724"}],"wp:attachment":[{"href":"https:\/\/verdadesenoticias.com.br\/site\/wp-json\/wp\/v2\/media?parent=2723"}],"wp:term":[{"taxonomy":"category","embeddable":true,"href":"https:\/\/verdadesenoticias.com.br\/site\/wp-json\/wp\/v2\/categories?post=2723"},{"taxonomy":"post_tag","embeddable":true,"href":"https:\/\/verdadesenoticias.com.br\/site\/wp-json\/wp\/v2\/tags?post=2723"}],"curies":[{"name":"wp","href":"https:\/\/api.w.org\/{rel}","templated":true}]}}