{"id":2726,"date":"2026-07-15T15:04:37","date_gmt":"2026-07-15T18:04:37","guid":{"rendered":"https:\/\/verdadesenoticias.com.br\/site\/?p=2726"},"modified":"2026-07-24T10:10:53","modified_gmt":"2026-07-24T13:10:53","slug":"michelle-bolsonaro-indica-que-sera-candidata-ao-senado-pelo-df","status":"publish","type":"post","link":"https:\/\/verdadesenoticias.com.br\/site\/michelle-bolsonaro-indica-que-sera-candidata-ao-senado-pelo-df\/","title":{"rendered":"MICHELLE BOLSONARO INDICA QUE SER\u00c1 CANDIDATA AO SENADO PELO DF"},"content":{"rendered":"<p>MICHELLE BOLSONARO INDICA QUE SER\u00c1 CANDIDATA AO SENADO PELO DF \ud83c\udfdb\ufe0f<\/p>\n<p>O cen\u00e1rio eleitoral do Distrito Federal come\u00e7a a desenhar suas principais movimenta\u00e7\u00f5es. A ex-primeira-dama Michelle Bolsonaro (PL) sinalizou a aliados pol\u00edticos pr\u00f3ximos que pretende seguir em frente com o seu projeto inicial e concorrer ao Senado Federal representando o DF.<\/p>\n<p>Entenda o contexto:<br \/>\nRecentemente, o futuro pol\u00edtico de Michelle foi alvo de especula\u00e7\u00f5es e d\u00favidas nos bastidores, especialmente ap\u00f3s atritos p\u00fablicos envolvendo o senador Fl\u00e1vio Bolsonaro (PL) e a sa\u00edda dela da presid\u00eancia do PL Mulher. Apesar das incertezas ventiladas, interlocutores afirmam que os planos de disputar o Legislativo continuam firmes.<\/p>\n<p>De acordo com fontes do partido, o pr\u00f3prio ex-presidente Jair Bolsonaro j\u00e1 havia manifestado o desejo de que ela conquistasse um mandato parlamentar nos pr\u00f3ximos anos. Al\u00e9m do nome de Michelle, o PL trabalha com a previs\u00e3o de lan\u00e7ar tamb\u00e9m a deputada federal Bia Kicis para concorrer \u00e0 outra vaga da Casa \u2014 vale lembrar que o pleito renovar\u00e1 duas cadeiras no Senado.<\/p>\n<p>Seguimos acompanhando as articula\u00e7\u00f5es dos partidos no quadradinho para trazer a realidade dos fatos at\u00e9 voc\u00ea, morador do DF.<\/p>\n<p>Deixe seu coment\u00e1rio: qual a sua opini\u00e3o sobre o cen\u00e1rio pol\u00edtico que est\u00e1 se desenhando para o DF?<\/p>\n","protected":false},"excerpt":{"rendered":"<p>MICHELLE BOLSONARO INDICA QUE SER\u00c1 CANDIDATA AO SENADO PELO DF \ud83c\udfdb\ufe0f O cen\u00e1rio eleitoral do Distrito Federal come\u00e7a a desenhar suas principais movimenta\u00e7\u00f5es. A ex-primeira-dama Michelle Bolsonaro (PL) sinalizou a aliados pol\u00edticos pr\u00f3ximos que pretende seguir em frente com o seu projeto inicial e concorrer ao Senado Federal representando o DF. Entenda o contexto: Recentemente, [&hellip;]<\/p>\n","protected":false},"author":1,"featured_media":2727,"comment_status":"open","ping_status":"open","sticky":false,"template":"","format":"standard","meta":{"footnotes":""},"categories":[1],"tags":[],"class_list":["post-2726","post","type-post","status-publish","format-standard","has-post-thumbnail","hentry","category-sem-categoria"],"_links":{"self":[{"href":"https:\/\/verdadesenoticias.com.br\/site\/wp-json\/wp\/v2\/posts\/2726","targetHints":{"allow":["GET"]}}],"collection":[{"href":"https:\/\/verdadesenoticias.com.br\/site\/wp-json\/wp\/v2\/posts"}],"about":[{"href":"https:\/\/verdadesenoticias.com.br\/site\/wp-json\/wp\/v2\/types\/post"}],"author":[{"embeddable":true,"href":"https:\/\/verdadesenoticias.com.br\/site\/wp-json\/wp\/v2\/users\/1"}],"replies":[{"embeddable":true,"href":"https:\/\/verdadesenoticias.com.br\/site\/wp-json\/wp\/v2\/comments?post=2726"}],"version-history":[{"count":1,"href":"https:\/\/verdadesenoticias.com.br\/site\/wp-json\/wp\/v2\/posts\/2726\/revisions"}],"predecessor-version":[{"id":2728,"href":"https:\/\/verdadesenoticias.com.br\/site\/wp-json\/wp\/v2\/posts\/2726\/revisions\/2728"}],"wp:featuredmedia":[{"embeddable":true,"href":"https:\/\/verdadesenoticias.com.br\/site\/wp-json\/wp\/v2\/media\/2727"}],"wp:attachment":[{"href":"https:\/\/verdadesenoticias.com.br\/site\/wp-json\/wp\/v2\/media?parent=2726"}],"wp:term":[{"taxonomy":"category","embeddable":true,"href":"https:\/\/verdadesenoticias.com.br\/site\/wp-json\/wp\/v2\/categories?post=2726"},{"taxonomy":"post_tag","embeddable":true,"href":"https:\/\/verdadesenoticias.com.br\/site\/wp-json\/wp\/v2\/tags?post=2726"}],"curies":[{"name":"wp","href":"https:\/\/api.w.org\/{rel}","templated":true}]}}