{"id":2732,"date":"2026-07-15T15:26:48","date_gmt":"2026-07-15T18:26:48","guid":{"rendered":"https:\/\/verdadesenoticias.com.br\/site\/?p=2732"},"modified":"2026-07-24T10:10:54","modified_gmt":"2026-07-24T13:10:54","slug":"celina-leao-promete-apuracao-apos-morte-de-duas-gestantes-em","status":"publish","type":"post","link":"https:\/\/verdadesenoticias.com.br\/site\/celina-leao-promete-apuracao-apos-morte-de-duas-gestantes-em\/","title":{"rendered":"CELINA LE\u00c3O PROMETE APURA\u00c7\u00c3O AP\u00d3S MORTE DE DUAS GESTANTES EM"},"content":{"rendered":"<p>CELINA LE\u00c3O PROMETE APURA\u00c7\u00c3O AP\u00d3S MORTE DE DUAS GESTANTES EM SAMAMBAIA <\/p>\n<p>Um caso grave acendeu o alerta na sa\u00fade p\u00fablica do Distrito Federal. A governadora em exerc\u00edcio, Celina Le\u00e3o (PP), afirmou publicamente que o Governo do Distrito Federal (GDF) &#8220;n\u00e3o vai tolerar nenhum tipo de falta de atendimento e humanidade&#8221; nos hospitais da rede p\u00fablica.<\/p>\n<p>O que aconteceu:<br \/>\nA declara\u00e7\u00e3o ocorre ap\u00f3s a confirma\u00e7\u00e3o da morte de duas gestantes em um intervalo de apenas quatro dias no Hospital Regional de Samambaia (HRSam). Maria Graciana Andrade Alves, de 36 anos, faleceu na \u00faltima sexta-feira (10\/7), e Maria Aparecida Galdino dos Santos, de 25 anos, faleceu na segunda-feira (13\/7) ap\u00f3s dar \u00e0 luz.<\/p>\n<p>Medidas adotadas:<br \/>\nSegundo a governadora, a Secretaria de Sa\u00fade do DF (SES-DF) j\u00e1 abriu investiga\u00e7\u00f5es para apurar rigorosamente os dois casos. Celina Le\u00e3o destacou que o monitoramento por c\u00e2meras do hospital est\u00e1 \u00e0 disposi\u00e7\u00e3o das fam\u00edlias e da Pol\u00edcia Civil do DF (PCDF), que investiga as ocorr\u00eancias. O governo estuda ainda mudan\u00e7as no protocolo de assist\u00eancia ao pr\u00e9-natal para evitar novas falhas.<\/p>\n<p>O Verdades e Not\u00edcias DF continuar\u00e1 acompanhando de perto os desdobramentos das investiga\u00e7\u00f5es e cobrando as respostas que a popula\u00e7\u00e3o de Samambaia e de todo o DF merecem. Nossos sentimentos aos familiares das v\u00edtimas.<\/p>\n<p>Deixe seu coment\u00e1rio: como voc\u00ea avalia o atendimento nas maternidades p\u00fablicas do DF?<\/p>\n","protected":false},"excerpt":{"rendered":"<p>CELINA LE\u00c3O PROMETE APURA\u00c7\u00c3O AP\u00d3S MORTE DE DUAS GESTANTES EM SAMAMBAIA Um caso grave acendeu o alerta na sa\u00fade p\u00fablica do Distrito Federal. A governadora em exerc\u00edcio, Celina Le\u00e3o (PP), afirmou publicamente que o Governo do Distrito Federal (GDF) &#8220;n\u00e3o vai tolerar nenhum tipo de falta de atendimento e humanidade&#8221; nos hospitais da rede p\u00fablica. [&hellip;]<\/p>\n","protected":false},"author":1,"featured_media":2733,"comment_status":"open","ping_status":"open","sticky":false,"template":"","format":"standard","meta":{"footnotes":""},"categories":[1],"tags":[],"class_list":["post-2732","post","type-post","status-publish","format-standard","has-post-thumbnail","hentry","category-sem-categoria"],"_links":{"self":[{"href":"https:\/\/verdadesenoticias.com.br\/site\/wp-json\/wp\/v2\/posts\/2732","targetHints":{"allow":["GET"]}}],"collection":[{"href":"https:\/\/verdadesenoticias.com.br\/site\/wp-json\/wp\/v2\/posts"}],"about":[{"href":"https:\/\/verdadesenoticias.com.br\/site\/wp-json\/wp\/v2\/types\/post"}],"author":[{"embeddable":true,"href":"https:\/\/verdadesenoticias.com.br\/site\/wp-json\/wp\/v2\/users\/1"}],"replies":[{"embeddable":true,"href":"https:\/\/verdadesenoticias.com.br\/site\/wp-json\/wp\/v2\/comments?post=2732"}],"version-history":[{"count":1,"href":"https:\/\/verdadesenoticias.com.br\/site\/wp-json\/wp\/v2\/posts\/2732\/revisions"}],"predecessor-version":[{"id":2734,"href":"https:\/\/verdadesenoticias.com.br\/site\/wp-json\/wp\/v2\/posts\/2732\/revisions\/2734"}],"wp:featuredmedia":[{"embeddable":true,"href":"https:\/\/verdadesenoticias.com.br\/site\/wp-json\/wp\/v2\/media\/2733"}],"wp:attachment":[{"href":"https:\/\/verdadesenoticias.com.br\/site\/wp-json\/wp\/v2\/media?parent=2732"}],"wp:term":[{"taxonomy":"category","embeddable":true,"href":"https:\/\/verdadesenoticias.com.br\/site\/wp-json\/wp\/v2\/categories?post=2732"},{"taxonomy":"post_tag","embeddable":true,"href":"https:\/\/verdadesenoticias.com.br\/site\/wp-json\/wp\/v2\/tags?post=2732"}],"curies":[{"name":"wp","href":"https:\/\/api.w.org\/{rel}","templated":true}]}}