{"id":2735,"date":"2026-07-15T16:12:49","date_gmt":"2026-07-15T19:12:49","guid":{"rendered":"https:\/\/verdadesenoticias.com.br\/site\/?p=2735"},"modified":"2026-07-24T10:10:55","modified_gmt":"2026-07-24T13:10:55","slug":"defesa-afirma-a-moraes-que-bolsonaro-nao-sabia-de-publicacao","status":"publish","type":"post","link":"https:\/\/verdadesenoticias.com.br\/site\/defesa-afirma-a-moraes-que-bolsonaro-nao-sabia-de-publicacao\/","title":{"rendered":"DEFESA AFIRMA A MORAES QUE BOLSONARO N\u00c3O SABIA DE PUBLICA\u00c7\u00c3O"},"content":{"rendered":"<p>DEFESA AFIRMA A MORAES QUE BOLSONARO N\u00c3O SABIA DE PUBLICA\u00c7\u00c3O DE CARTA \u2696\ufe0f<\/p>\n<p>Os advogados do ex-presidente Jair Bolsonaro (PL) enviaram uma manifesta\u00e7\u00e3o formal ao ministro Alexandre de Moraes, do Supremo Tribunal Federal (STF), prestando esclarecimentos sobre a divulga\u00e7\u00e3o recente de uma carta escrita pelo pol\u00edtico.<\/p>\n<p>O que diz a defesa:<br \/>\nSegundo o documento enviado \u00e0 Suprema Corte, Bolsonaro \u201cjamais soube\u201d e tampouco autorizou que a carta fosse publicada nas redes sociais. A defesa argumenta categoricamente que o ex-presidente cumpre as restri\u00e7\u00f5es impostas pela Justi\u00e7a e que ele \u201cjamais buscou terceiros para contornar restri\u00e7\u00f5es\u201d de comunica\u00e7\u00e3o ou uso de redes digitais.<\/p>\n<p>O contexto:<br \/>\nJair Bolsonaro, que cumpre medidas cautelares determinadas pelo STF, est\u00e1 proibido de utilizar as redes sociais diretamente ou por interm\u00e9dio de terceiros. Os advogados sustentam que a publica\u00e7\u00e3o do texto ocorreu de forma independente, sem a ci\u00eancia ou a anu\u00eancia do ex-presidente, visando afastar qualquer hip\u00f3tese de descumprimento das regras de sua pris\u00e3o domiciliar.<\/p>\n<p>Seguimos acompanhando as manifesta\u00e7\u00f5es oficiais no STF e as atualiza\u00e7\u00f5es do cen\u00e1rio pol\u00edtico direto de Bras\u00edlia.<\/p>\n<p>Qual a sua opini\u00e3o sobre esse desdobramento? Comente aqui embaixo!<\/p>\n","protected":false},"excerpt":{"rendered":"<p>DEFESA AFIRMA A MORAES QUE BOLSONARO N\u00c3O SABIA DE PUBLICA\u00c7\u00c3O DE CARTA \u2696\ufe0f Os advogados do ex-presidente Jair Bolsonaro (PL) enviaram uma manifesta\u00e7\u00e3o formal ao ministro Alexandre de Moraes, do Supremo Tribunal Federal (STF), prestando esclarecimentos sobre a divulga\u00e7\u00e3o recente de uma carta escrita pelo pol\u00edtico. O que diz a defesa: Segundo o documento enviado [&hellip;]<\/p>\n","protected":false},"author":1,"featured_media":2736,"comment_status":"open","ping_status":"open","sticky":false,"template":"","format":"standard","meta":{"footnotes":""},"categories":[1],"tags":[],"class_list":["post-2735","post","type-post","status-publish","format-standard","has-post-thumbnail","hentry","category-sem-categoria"],"_links":{"self":[{"href":"https:\/\/verdadesenoticias.com.br\/site\/wp-json\/wp\/v2\/posts\/2735","targetHints":{"allow":["GET"]}}],"collection":[{"href":"https:\/\/verdadesenoticias.com.br\/site\/wp-json\/wp\/v2\/posts"}],"about":[{"href":"https:\/\/verdadesenoticias.com.br\/site\/wp-json\/wp\/v2\/types\/post"}],"author":[{"embeddable":true,"href":"https:\/\/verdadesenoticias.com.br\/site\/wp-json\/wp\/v2\/users\/1"}],"replies":[{"embeddable":true,"href":"https:\/\/verdadesenoticias.com.br\/site\/wp-json\/wp\/v2\/comments?post=2735"}],"version-history":[{"count":1,"href":"https:\/\/verdadesenoticias.com.br\/site\/wp-json\/wp\/v2\/posts\/2735\/revisions"}],"predecessor-version":[{"id":2737,"href":"https:\/\/verdadesenoticias.com.br\/site\/wp-json\/wp\/v2\/posts\/2735\/revisions\/2737"}],"wp:featuredmedia":[{"embeddable":true,"href":"https:\/\/verdadesenoticias.com.br\/site\/wp-json\/wp\/v2\/media\/2736"}],"wp:attachment":[{"href":"https:\/\/verdadesenoticias.com.br\/site\/wp-json\/wp\/v2\/media?parent=2735"}],"wp:term":[{"taxonomy":"category","embeddable":true,"href":"https:\/\/verdadesenoticias.com.br\/site\/wp-json\/wp\/v2\/categories?post=2735"},{"taxonomy":"post_tag","embeddable":true,"href":"https:\/\/verdadesenoticias.com.br\/site\/wp-json\/wp\/v2\/tags?post=2735"}],"curies":[{"name":"wp","href":"https:\/\/api.w.org\/{rel}","templated":true}]}}