{"id":2741,"date":"2026-07-16T08:49:26","date_gmt":"2026-07-16T11:49:26","guid":{"rendered":"https:\/\/verdadesenoticias.com.br\/site\/?p=2741"},"modified":"2026-07-24T10:10:57","modified_gmt":"2026-07-24T13:10:57","slug":"a-radiodifusao-de-brasilia-vive-um-momento-de-silencio-estrategico","status":"publish","type":"post","link":"https:\/\/verdadesenoticias.com.br\/site\/a-radiodifusao-de-brasilia-vive-um-momento-de-silencio-estrategico\/","title":{"rendered":"A radiodifus\u00e3o de Bras\u00edlia vive um momento de sil\u00eancio estrat\u00e9gico."},"content":{"rendered":"<p>A radiodifus\u00e3o de Bras\u00edlia vive um momento de sil\u00eancio estrat\u00e9gico. Nos bastidores, uma transi\u00e7\u00e3o de poder chama a aten\u00e7\u00e3o do mercado: ap\u00f3s a interdi\u00e7\u00e3o judicial do comunicador Vig\u00e3o, sua filha, Fl\u00e1via Veloso, assumiu o controle absoluto dos neg\u00f3cios, incluindo a ic\u00f4nica R\u00e1dio Atividade.<br \/>\nO cen\u00e1rio, contudo, \u00e9 complexo. A nova gest\u00e3o herdou n\u00e3o apenas a marca, mas um passivo robusto que envolve d\u00edvidas tribut\u00e1rias, trabalhistas e pend\u00eancias com o Ecad, al\u00e9m de uma longa lista de escrit\u00f3rios de advocacia que buscam repara\u00e7\u00e3o na justi\u00e7a. \u2696\ufe0f<br \/>\nPara muitos observadores, o que deveria ser um processo de sucess\u00e3o familiar tornou-se uma opera\u00e7\u00e3o de sobreviv\u00eancia. Relatos apontam para um distanciamento de outros membros da fam\u00edlia e uma centraliza\u00e7\u00e3o de decis\u00f5es que isolou o patriarca. Hoje, o homem que foi s\u00edmbolo de luxo e extravag\u00e2ncia vive a depend\u00eancia de cuidados, enquanto a filha tenta, segundo fontes, &#8220;manter as apar\u00eancias&#8221; diante de credores e da opini\u00e3o p\u00fablica.<br \/>\nSer\u00e1 que a reinven\u00e7\u00e3o da r\u00e1dio \u00e9 poss\u00edvel sob este modelo de gest\u00e3o? Ou estamos diante de uma estrat\u00e9gia de poder que prioriza o controle em vez da preserva\u00e7\u00e3o do legado? A era digital n\u00e3o perdoa erros e a transpar\u00eancia \u00e9 o ativo mais caro do mercado atual.<br \/>\nA pergunta que fica para o Distrito Federal \u00e9: onde termina a tutela familiar e onde come\u00e7a o interesse corporativo?<br \/>\nAcompanhe os pr\u00f3ximos desdobramentos desta hist\u00f3ria aqui no Verdades e Not\u00edcias.<\/p>\n","protected":false},"excerpt":{"rendered":"<p>A radiodifus\u00e3o de Bras\u00edlia vive um momento de sil\u00eancio estrat\u00e9gico. Nos bastidores, uma transi\u00e7\u00e3o de poder chama a aten\u00e7\u00e3o do mercado: ap\u00f3s a interdi\u00e7\u00e3o judicial do comunicador Vig\u00e3o, sua filha, Fl\u00e1via Veloso, assumiu o controle absoluto dos neg\u00f3cios, incluindo a ic\u00f4nica R\u00e1dio Atividade. O cen\u00e1rio, contudo, \u00e9 complexo. A nova gest\u00e3o herdou n\u00e3o apenas a [&hellip;]<\/p>\n","protected":false},"author":1,"featured_media":2742,"comment_status":"open","ping_status":"open","sticky":false,"template":"","format":"standard","meta":{"footnotes":""},"categories":[1],"tags":[],"class_list":["post-2741","post","type-post","status-publish","format-standard","has-post-thumbnail","hentry","category-sem-categoria"],"_links":{"self":[{"href":"https:\/\/verdadesenoticias.com.br\/site\/wp-json\/wp\/v2\/posts\/2741","targetHints":{"allow":["GET"]}}],"collection":[{"href":"https:\/\/verdadesenoticias.com.br\/site\/wp-json\/wp\/v2\/posts"}],"about":[{"href":"https:\/\/verdadesenoticias.com.br\/site\/wp-json\/wp\/v2\/types\/post"}],"author":[{"embeddable":true,"href":"https:\/\/verdadesenoticias.com.br\/site\/wp-json\/wp\/v2\/users\/1"}],"replies":[{"embeddable":true,"href":"https:\/\/verdadesenoticias.com.br\/site\/wp-json\/wp\/v2\/comments?post=2741"}],"version-history":[{"count":1,"href":"https:\/\/verdadesenoticias.com.br\/site\/wp-json\/wp\/v2\/posts\/2741\/revisions"}],"predecessor-version":[{"id":2743,"href":"https:\/\/verdadesenoticias.com.br\/site\/wp-json\/wp\/v2\/posts\/2741\/revisions\/2743"}],"wp:featuredmedia":[{"embeddable":true,"href":"https:\/\/verdadesenoticias.com.br\/site\/wp-json\/wp\/v2\/media\/2742"}],"wp:attachment":[{"href":"https:\/\/verdadesenoticias.com.br\/site\/wp-json\/wp\/v2\/media?parent=2741"}],"wp:term":[{"taxonomy":"category","embeddable":true,"href":"https:\/\/verdadesenoticias.com.br\/site\/wp-json\/wp\/v2\/categories?post=2741"},{"taxonomy":"post_tag","embeddable":true,"href":"https:\/\/verdadesenoticias.com.br\/site\/wp-json\/wp\/v2\/tags?post=2741"}],"curies":[{"name":"wp","href":"https:\/\/api.w.org\/{rel}","templated":true}]}}