{"id":2744,"date":"2026-07-16T09:48:07","date_gmt":"2026-07-16T12:48:07","guid":{"rendered":"https:\/\/verdadesenoticias.com.br\/site\/?p=2744"},"modified":"2026-07-24T10:10:57","modified_gmt":"2026-07-24T13:10:57","slug":"final-definida-o-mundo-vai-parar-neste-domingo-espanha","status":"publish","type":"post","link":"https:\/\/verdadesenoticias.com.br\/site\/final-definida-o-mundo-vai-parar-neste-domingo-espanha\/","title":{"rendered":"FINAL DEFINIDA!  O mundo vai parar neste domingo! Espanha"},"content":{"rendered":"<p>FINAL DEFINIDA!<br \/>\nO mundo vai parar neste domingo! Espanha e Argentina est\u00e3o confirmadas na grande final da Copa do Mundo de 2026. De um lado, a renovada e vibrante sele\u00e7\u00e3o espanhola; do outro, a Argentina de Lionel Messi, em busca de mais uma p\u00e1gina hist\u00f3rica no futebol.<br \/>\nO palco do grande duelo ser\u00e1 o MetLife Stadium, em Nova Jersey. Quem leva a ta\u00e7a para casa?<br \/>\n\ud83d\uddd3\ufe0f Data: Domingo, 19 de julho<br \/>\n Hor\u00e1rio: 16h (hor\u00e1rio de Bras\u00edlia)<br \/>\n\ud83c\udfdf\ufe0f Local: MetLife Stadium<br \/>\nComente aqui embaixo: qual \u00e9 o seu palpite para o placar dessa decis\u00e3o? \ue000\ufe0f<\/p>\n","protected":false},"excerpt":{"rendered":"<p>FINAL DEFINIDA! O mundo vai parar neste domingo! Espanha e Argentina est\u00e3o confirmadas na grande final da Copa do Mundo de 2026. De um lado, a renovada e vibrante sele\u00e7\u00e3o espanhola; do outro, a Argentina de Lionel Messi, em busca de mais uma p\u00e1gina hist\u00f3rica no futebol. O palco do grande duelo ser\u00e1 o MetLife [&hellip;]<\/p>\n","protected":false},"author":1,"featured_media":2745,"comment_status":"open","ping_status":"open","sticky":false,"template":"","format":"standard","meta":{"footnotes":""},"categories":[1],"tags":[],"class_list":["post-2744","post","type-post","status-publish","format-standard","has-post-thumbnail","hentry","category-sem-categoria"],"_links":{"self":[{"href":"https:\/\/verdadesenoticias.com.br\/site\/wp-json\/wp\/v2\/posts\/2744","targetHints":{"allow":["GET"]}}],"collection":[{"href":"https:\/\/verdadesenoticias.com.br\/site\/wp-json\/wp\/v2\/posts"}],"about":[{"href":"https:\/\/verdadesenoticias.com.br\/site\/wp-json\/wp\/v2\/types\/post"}],"author":[{"embeddable":true,"href":"https:\/\/verdadesenoticias.com.br\/site\/wp-json\/wp\/v2\/users\/1"}],"replies":[{"embeddable":true,"href":"https:\/\/verdadesenoticias.com.br\/site\/wp-json\/wp\/v2\/comments?post=2744"}],"version-history":[{"count":1,"href":"https:\/\/verdadesenoticias.com.br\/site\/wp-json\/wp\/v2\/posts\/2744\/revisions"}],"predecessor-version":[{"id":2746,"href":"https:\/\/verdadesenoticias.com.br\/site\/wp-json\/wp\/v2\/posts\/2744\/revisions\/2746"}],"wp:featuredmedia":[{"embeddable":true,"href":"https:\/\/verdadesenoticias.com.br\/site\/wp-json\/wp\/v2\/media\/2745"}],"wp:attachment":[{"href":"https:\/\/verdadesenoticias.com.br\/site\/wp-json\/wp\/v2\/media?parent=2744"}],"wp:term":[{"taxonomy":"category","embeddable":true,"href":"https:\/\/verdadesenoticias.com.br\/site\/wp-json\/wp\/v2\/categories?post=2744"},{"taxonomy":"post_tag","embeddable":true,"href":"https:\/\/verdadesenoticias.com.br\/site\/wp-json\/wp\/v2\/tags?post=2744"}],"curies":[{"name":"wp","href":"https:\/\/api.w.org\/{rel}","templated":true}]}}