{"id":2747,"date":"2026-07-16T10:36:09","date_gmt":"2026-07-16T13:36:09","guid":{"rendered":"https:\/\/verdadesenoticias.com.br\/site\/?p=2747"},"modified":"2026-07-24T10:10:58","modified_gmt":"2026-07-24T13:10:58","slug":"movimentacoes-politicas-no-df-prudente-busca-dialogo-com-celina-leao","status":"publish","type":"post","link":"https:\/\/verdadesenoticias.com.br\/site\/movimentacoes-politicas-no-df-prudente-busca-dialogo-com-celina-leao\/","title":{"rendered":"Movimenta\u00e7\u00f5es pol\u00edticas no DF: Prudente busca di\u00e1logo com Celina Le\u00e3o"},"content":{"rendered":"<p>Movimenta\u00e7\u00f5es pol\u00edticas no DF: Prudente busca di\u00e1logo com Celina Le\u00e3o \ud83c\udfdb\ufe0f<br \/>\nO cen\u00e1rio pol\u00edtico do Distrito Federal ganha um novo cap\u00edtulo. O deputado distrital Wellington Luiz de Souza, conhecido como Prudente, iniciou uma rodada de conversas com a vice-governadora Celina Le\u00e3o.<br \/>\nO movimento sinaliza uma poss\u00edvel articula\u00e7\u00e3o ou alinhamento estrat\u00e9gico, focando em temas de interesse para a capital federal. Em um ambiente onde o di\u00e1logo \u00e9 a ferramenta principal para a governabilidade e o avan\u00e7o de pautas, o encontro coloca Prudente em posi\u00e7\u00e3o de destaque nas discuss\u00f5es dos bastidores.<br \/>\nA pergunta que fica \u00e9: quais ser\u00e3o os pr\u00f3ximos passos desse movimento e como isso impacta a din\u00e2mica entre a C\u00e2mara Legislativa e o Pal\u00e1cio do Buriti?<br \/>\n Queremos saber sua opini\u00e3o: Como voc\u00ea enxerga essa aproxima\u00e7\u00e3o no atual momento pol\u00edtico do Distrito Federal? Deixe seu coment\u00e1rio abaixo!<\/p>\n","protected":false},"excerpt":{"rendered":"<p>Movimenta\u00e7\u00f5es pol\u00edticas no DF: Prudente busca di\u00e1logo com Celina Le\u00e3o \ud83c\udfdb\ufe0f O cen\u00e1rio pol\u00edtico do Distrito Federal ganha um novo cap\u00edtulo. O deputado distrital Wellington Luiz de Souza, conhecido como Prudente, iniciou uma rodada de conversas com a vice-governadora Celina Le\u00e3o. O movimento sinaliza uma poss\u00edvel articula\u00e7\u00e3o ou alinhamento estrat\u00e9gico, focando em temas de interesse [&hellip;]<\/p>\n","protected":false},"author":1,"featured_media":2748,"comment_status":"open","ping_status":"open","sticky":false,"template":"","format":"standard","meta":{"footnotes":""},"categories":[1],"tags":[],"class_list":["post-2747","post","type-post","status-publish","format-standard","has-post-thumbnail","hentry","category-sem-categoria"],"_links":{"self":[{"href":"https:\/\/verdadesenoticias.com.br\/site\/wp-json\/wp\/v2\/posts\/2747","targetHints":{"allow":["GET"]}}],"collection":[{"href":"https:\/\/verdadesenoticias.com.br\/site\/wp-json\/wp\/v2\/posts"}],"about":[{"href":"https:\/\/verdadesenoticias.com.br\/site\/wp-json\/wp\/v2\/types\/post"}],"author":[{"embeddable":true,"href":"https:\/\/verdadesenoticias.com.br\/site\/wp-json\/wp\/v2\/users\/1"}],"replies":[{"embeddable":true,"href":"https:\/\/verdadesenoticias.com.br\/site\/wp-json\/wp\/v2\/comments?post=2747"}],"version-history":[{"count":1,"href":"https:\/\/verdadesenoticias.com.br\/site\/wp-json\/wp\/v2\/posts\/2747\/revisions"}],"predecessor-version":[{"id":2749,"href":"https:\/\/verdadesenoticias.com.br\/site\/wp-json\/wp\/v2\/posts\/2747\/revisions\/2749"}],"wp:featuredmedia":[{"embeddable":true,"href":"https:\/\/verdadesenoticias.com.br\/site\/wp-json\/wp\/v2\/media\/2748"}],"wp:attachment":[{"href":"https:\/\/verdadesenoticias.com.br\/site\/wp-json\/wp\/v2\/media?parent=2747"}],"wp:term":[{"taxonomy":"category","embeddable":true,"href":"https:\/\/verdadesenoticias.com.br\/site\/wp-json\/wp\/v2\/categories?post=2747"},{"taxonomy":"post_tag","embeddable":true,"href":"https:\/\/verdadesenoticias.com.br\/site\/wp-json\/wp\/v2\/tags?post=2747"}],"curies":[{"name":"wp","href":"https:\/\/api.w.org\/{rel}","templated":true}]}}