{"id":2750,"date":"2026-07-16T11:24:05","date_gmt":"2026-07-16T14:24:05","guid":{"rendered":"https:\/\/verdadesenoticias.com.br\/site\/?p=2750"},"modified":"2026-07-24T10:10:59","modified_gmt":"2026-07-24T13:10:59","slug":"o-patrimonio-em-foco-a-movimentacao-financeira-de-fred-linhares","status":"publish","type":"post","link":"https:\/\/verdadesenoticias.com.br\/site\/o-patrimonio-em-foco-a-movimentacao-financeira-de-fred-linhares\/","title":{"rendered":"O patrim\u00f4nio em foco: A movimenta\u00e7\u00e3o financeira de Fred Linhares"},"content":{"rendered":"<p>O patrim\u00f4nio em foco: A movimenta\u00e7\u00e3o financeira de Fred Linhares<br \/>\nPol\u00eamica no cen\u00e1rio pol\u00edtico! Circulam informa\u00e7\u00f5es sobre uma disparidade significativa entre o patrim\u00f4nio declarado pelo deputado Fred Linhares e suas aquisi\u00e7\u00f5es recentes.<br \/>\nSegundo o que vem sendo repercutido, o parlamentar teria declarado um patrim\u00f4nio de R$ 10 mil \u00e0 Justi\u00e7a Eleitoral. No entanto, o foco das aten\u00e7\u00f5es est\u00e1 voltado para compras de alto valor que teriam ocorrido ap\u00f3s o per\u00edodo eleitoral, envolvendo carros de luxo e uma mans\u00e3o, totalizando um valor estimado de R$ 6 milh\u00f5es.<br \/>\nA situa\u00e7\u00e3o levanta questionamentos naturais sobre a origem dos recursos e a transpar\u00eancia patrimonial de figuras p\u00fablicas. \ud83e\uddd0<br \/>\nO que voc\u00ea acha disso? A pol\u00edtica exige transpar\u00eancia total, mas at\u00e9 que ponto o patrim\u00f4nio pessoal deve ser escrutinado dessa forma? Deixe sua opini\u00e3o nos coment\u00e1rios!<\/p>\n","protected":false},"excerpt":{"rendered":"<p>O patrim\u00f4nio em foco: A movimenta\u00e7\u00e3o financeira de Fred Linhares Pol\u00eamica no cen\u00e1rio pol\u00edtico! Circulam informa\u00e7\u00f5es sobre uma disparidade significativa entre o patrim\u00f4nio declarado pelo deputado Fred Linhares e suas aquisi\u00e7\u00f5es recentes. Segundo o que vem sendo repercutido, o parlamentar teria declarado um patrim\u00f4nio de R$ 10 mil \u00e0 Justi\u00e7a Eleitoral. No entanto, o foco [&hellip;]<\/p>\n","protected":false},"author":1,"featured_media":2751,"comment_status":"open","ping_status":"open","sticky":false,"template":"","format":"standard","meta":{"footnotes":""},"categories":[1],"tags":[],"class_list":["post-2750","post","type-post","status-publish","format-standard","has-post-thumbnail","hentry","category-sem-categoria"],"_links":{"self":[{"href":"https:\/\/verdadesenoticias.com.br\/site\/wp-json\/wp\/v2\/posts\/2750","targetHints":{"allow":["GET"]}}],"collection":[{"href":"https:\/\/verdadesenoticias.com.br\/site\/wp-json\/wp\/v2\/posts"}],"about":[{"href":"https:\/\/verdadesenoticias.com.br\/site\/wp-json\/wp\/v2\/types\/post"}],"author":[{"embeddable":true,"href":"https:\/\/verdadesenoticias.com.br\/site\/wp-json\/wp\/v2\/users\/1"}],"replies":[{"embeddable":true,"href":"https:\/\/verdadesenoticias.com.br\/site\/wp-json\/wp\/v2\/comments?post=2750"}],"version-history":[{"count":1,"href":"https:\/\/verdadesenoticias.com.br\/site\/wp-json\/wp\/v2\/posts\/2750\/revisions"}],"predecessor-version":[{"id":2752,"href":"https:\/\/verdadesenoticias.com.br\/site\/wp-json\/wp\/v2\/posts\/2750\/revisions\/2752"}],"wp:featuredmedia":[{"embeddable":true,"href":"https:\/\/verdadesenoticias.com.br\/site\/wp-json\/wp\/v2\/media\/2751"}],"wp:attachment":[{"href":"https:\/\/verdadesenoticias.com.br\/site\/wp-json\/wp\/v2\/media?parent=2750"}],"wp:term":[{"taxonomy":"category","embeddable":true,"href":"https:\/\/verdadesenoticias.com.br\/site\/wp-json\/wp\/v2\/categories?post=2750"},{"taxonomy":"post_tag","embeddable":true,"href":"https:\/\/verdadesenoticias.com.br\/site\/wp-json\/wp\/v2\/tags?post=2750"}],"curies":[{"name":"wp","href":"https:\/\/api.w.org\/{rel}","templated":true}]}}