{"id":2756,"date":"2026-07-16T13:00:12","date_gmt":"2026-07-16T16:00:12","guid":{"rendered":"https:\/\/verdadesenoticias.com.br\/site\/?p=2756"},"modified":"2026-07-24T10:11:00","modified_gmt":"2026-07-24T13:11:00","slug":"operacao-da-pf-mira-presidente-da-conafer-e-aponta-compra","status":"publish","type":"post","link":"https:\/\/verdadesenoticias.com.br\/site\/operacao-da-pf-mira-presidente-da-conafer-e-aponta-compra\/","title":{"rendered":"Opera\u00e7\u00e3o da PF mira presidente da CONAFER e aponta compra"},"content":{"rendered":"<p>Opera\u00e7\u00e3o da PF mira presidente da CONAFER e aponta compra de gado milion\u00e1ria em dinheiro vivo.<br \/>\nA Pol\u00edcia Federal deflagrou uma opera\u00e7\u00e3o, nesta [dia da semana], que investiga graves irregularidades na gest\u00e3o da Confedera\u00e7\u00e3o Nacional dos Agricultores Familiares e Empreendedores Familiares Rurais (CONAFER).<br \/>\nNo centro das investiga\u00e7\u00f5es est\u00e1 o presidente da entidade, [Nome do Presidente &#8211; se n\u00e3o souber, mantenha gen\u00e9rico], apontado em relat\u00f3rio da PF como respons\u00e1vel pela movimenta\u00e7\u00e3o at\u00edpica de recursos.<br \/>\nO que revelou a investiga\u00e7\u00e3o?<br \/>\n Movimenta\u00e7\u00e3o Suspeita: Relat\u00f3rios de intelig\u00eancia financeira indicam que o presidente da confedera\u00e7\u00e3o teria movimentado milh\u00f5es de reais de forma incompat\u00edvel com suas declara\u00e7\u00f5es de renda.<br \/>\n Compra em Dinheiro Vivo: Dentre os fatos apurados, destaca-se a aquisi\u00e7\u00e3o de R$ 1,7 milh\u00e3o em gado. O pagamento teria sido realizado em esp\u00e9cie, levantando fortes suspeitas de lavagem de dinheiro e oculta\u00e7\u00e3o de patrim\u00f4nio.<br \/>\n O Esquema: A PF apura se os valores utilizados na compra dos animais s\u00e3o oriundos de desvios de recursos da pr\u00f3pria CONAFER ou de outras fontes il\u00edcitas, utilizando a entidade de fachada.<br \/>\nA opera\u00e7\u00e3o busca apreender documentos e provas adicionais para confirmar a extens\u00e3o do esquema e os envolvidos.<br \/>\n Acompanhe os detalhes desta not\u00edcia no portal Metr\u00f3poles e fique por dentro dos desdobramentos dessa investiga\u00e7\u00e3o.<\/p>\n","protected":false},"excerpt":{"rendered":"<p>Opera\u00e7\u00e3o da PF mira presidente da CONAFER e aponta compra de gado milion\u00e1ria em dinheiro vivo. A Pol\u00edcia Federal deflagrou uma opera\u00e7\u00e3o, nesta [dia da semana], que investiga graves irregularidades na gest\u00e3o da Confedera\u00e7\u00e3o Nacional dos Agricultores Familiares e Empreendedores Familiares Rurais (CONAFER). No centro das investiga\u00e7\u00f5es est\u00e1 o presidente da entidade, [Nome do Presidente [&hellip;]<\/p>\n","protected":false},"author":1,"featured_media":2757,"comment_status":"open","ping_status":"open","sticky":false,"template":"","format":"standard","meta":{"footnotes":""},"categories":[1],"tags":[],"class_list":["post-2756","post","type-post","status-publish","format-standard","has-post-thumbnail","hentry","category-sem-categoria"],"_links":{"self":[{"href":"https:\/\/verdadesenoticias.com.br\/site\/wp-json\/wp\/v2\/posts\/2756","targetHints":{"allow":["GET"]}}],"collection":[{"href":"https:\/\/verdadesenoticias.com.br\/site\/wp-json\/wp\/v2\/posts"}],"about":[{"href":"https:\/\/verdadesenoticias.com.br\/site\/wp-json\/wp\/v2\/types\/post"}],"author":[{"embeddable":true,"href":"https:\/\/verdadesenoticias.com.br\/site\/wp-json\/wp\/v2\/users\/1"}],"replies":[{"embeddable":true,"href":"https:\/\/verdadesenoticias.com.br\/site\/wp-json\/wp\/v2\/comments?post=2756"}],"version-history":[{"count":1,"href":"https:\/\/verdadesenoticias.com.br\/site\/wp-json\/wp\/v2\/posts\/2756\/revisions"}],"predecessor-version":[{"id":2758,"href":"https:\/\/verdadesenoticias.com.br\/site\/wp-json\/wp\/v2\/posts\/2756\/revisions\/2758"}],"wp:featuredmedia":[{"embeddable":true,"href":"https:\/\/verdadesenoticias.com.br\/site\/wp-json\/wp\/v2\/media\/2757"}],"wp:attachment":[{"href":"https:\/\/verdadesenoticias.com.br\/site\/wp-json\/wp\/v2\/media?parent=2756"}],"wp:term":[{"taxonomy":"category","embeddable":true,"href":"https:\/\/verdadesenoticias.com.br\/site\/wp-json\/wp\/v2\/categories?post=2756"},{"taxonomy":"post_tag","embeddable":true,"href":"https:\/\/verdadesenoticias.com.br\/site\/wp-json\/wp\/v2\/tags?post=2756"}],"curies":[{"name":"wp","href":"https:\/\/api.w.org\/{rel}","templated":true}]}}