{"id":2781,"date":"2026-07-07T21:00:06","date_gmt":"2026-07-08T00:00:06","guid":{"rendered":"https:\/\/verdadesenoticias.com.br\/site\/?p=2781"},"modified":"2026-07-30T09:10:36","modified_gmt":"2026-07-30T12:10:36","slug":"uma-denuncia-estarrecedora-abala-as-estruturas-da-igreja-o-ministerio","status":"publish","type":"post","link":"https:\/\/verdadesenoticias.com.br\/site\/uma-denuncia-estarrecedora-abala-as-estruturas-da-igreja-o-ministerio\/","title":{"rendered":"Uma den\u00fancia estarrecedora abala as estruturas da Igreja: o Minist\u00e9rio"},"content":{"rendered":"<p>Uma den\u00fancia estarrecedora abala as estruturas da Igreja: o Minist\u00e9rio P\u00fablico apresentou acusa\u00e7\u00e3o formal contra um ex-bispo por abusos sexuais cometidos contra um padre durante um per\u00edodo de cinco anos. O caso, que envolve rela\u00e7\u00f5es de poder e submiss\u00e3o dentro da hierarquia religiosa, traz \u00e0 tona um debate necess\u00e1rio sobre silenciamento e impunidade. A justi\u00e7a agora deve seguir seu curso para apurar os fatos e dar voz \u00e0s v\u00edtimas que sofreram caladas por tanto tempo.<br \/>\nHashtags:<br \/>\nCasosReais Sociedade Brasil DireitosHumanos Not\u00edcias Investiga\u00e7\u00e3o MP Justi\u00e7aParaAsV\u00edtimas Clero Impactante Direito<\/p>\n","protected":false},"excerpt":{"rendered":"<p>Uma den\u00fancia estarrecedora abala as estruturas da Igreja: o Minist\u00e9rio P\u00fablico apresentou acusa\u00e7\u00e3o formal contra um ex-bispo por abusos sexuais cometidos contra um padre durante um per\u00edodo de cinco anos. O caso, que envolve rela\u00e7\u00f5es de poder e submiss\u00e3o dentro da hierarquia religiosa, traz \u00e0 tona um debate necess\u00e1rio sobre silenciamento e impunidade. A justi\u00e7a [&hellip;]<\/p>\n","protected":false},"author":1,"featured_media":2782,"comment_status":"open","ping_status":"open","sticky":false,"template":"","format":"standard","meta":{"footnotes":""},"categories":[1],"tags":[],"class_list":["post-2781","post","type-post","status-publish","format-standard","has-post-thumbnail","hentry","category-sem-categoria"],"_links":{"self":[{"href":"https:\/\/verdadesenoticias.com.br\/site\/wp-json\/wp\/v2\/posts\/2781","targetHints":{"allow":["GET"]}}],"collection":[{"href":"https:\/\/verdadesenoticias.com.br\/site\/wp-json\/wp\/v2\/posts"}],"about":[{"href":"https:\/\/verdadesenoticias.com.br\/site\/wp-json\/wp\/v2\/types\/post"}],"author":[{"embeddable":true,"href":"https:\/\/verdadesenoticias.com.br\/site\/wp-json\/wp\/v2\/users\/1"}],"replies":[{"embeddable":true,"href":"https:\/\/verdadesenoticias.com.br\/site\/wp-json\/wp\/v2\/comments?post=2781"}],"version-history":[{"count":1,"href":"https:\/\/verdadesenoticias.com.br\/site\/wp-json\/wp\/v2\/posts\/2781\/revisions"}],"predecessor-version":[{"id":2783,"href":"https:\/\/verdadesenoticias.com.br\/site\/wp-json\/wp\/v2\/posts\/2781\/revisions\/2783"}],"wp:featuredmedia":[{"embeddable":true,"href":"https:\/\/verdadesenoticias.com.br\/site\/wp-json\/wp\/v2\/media\/2782"}],"wp:attachment":[{"href":"https:\/\/verdadesenoticias.com.br\/site\/wp-json\/wp\/v2\/media?parent=2781"}],"wp:term":[{"taxonomy":"category","embeddable":true,"href":"https:\/\/verdadesenoticias.com.br\/site\/wp-json\/wp\/v2\/categories?post=2781"},{"taxonomy":"post_tag","embeddable":true,"href":"https:\/\/verdadesenoticias.com.br\/site\/wp-json\/wp\/v2\/tags?post=2781"}],"curies":[{"name":"wp","href":"https:\/\/api.w.org\/{rel}","templated":true}]}}