{"id":2799,"date":"2026-07-08T14:22:44","date_gmt":"2026-07-08T17:22:44","guid":{"rendered":"https:\/\/verdadesenoticias.com.br\/site\/?p=2799"},"modified":"2026-07-30T09:10:42","modified_gmt":"2026-07-30T12:10:42","slug":"o-capital-moto-week-ergue-uma-verdadeira-metropole-para-celebrar","status":"publish","type":"post","link":"https:\/\/verdadesenoticias.com.br\/site\/o-capital-moto-week-ergue-uma-verdadeira-metropole-para-celebrar\/","title":{"rendered":"O Capital Moto Week ergue uma verdadeira metr\u00f3pole para celebrar"},"content":{"rendered":"<p>O Capital Moto Week ergue uma verdadeira metr\u00f3pole para celebrar a cultura do motociclismo. Com capacidade para receber 800 mil pessoas, o evento em 2026 \u00e9 um marco para o entretenimento no Distrito Federal. Al\u00e9m da paix\u00e3o por duas rodas, a infraestrutura oferece uma experi\u00eancia imersiva completa. Quem voc\u00ea vai levar para curtir esse evento hist\u00f3rico? Comente abaixo!<br \/>\nHashtags:<br \/>\nTurismoDF CulturaRock RideSafe MotoLovers BrasiliaCultural GiganteDoRock EstradaETrilha MotoVida EventosBrasilia VivaORock MotoWeek Brasilia RockInRio FestivaisBrasil CapitalFederal Motos Turismo Entretenimento DF CulturaDoMoto MotoEsporte<\/p>\n","protected":false},"excerpt":{"rendered":"<p>O Capital Moto Week ergue uma verdadeira metr\u00f3pole para celebrar a cultura do motociclismo. Com capacidade para receber 800 mil pessoas, o evento em 2026 \u00e9 um marco para o entretenimento no Distrito Federal. Al\u00e9m da paix\u00e3o por duas rodas, a infraestrutura oferece uma experi\u00eancia imersiva completa. Quem voc\u00ea vai levar para curtir esse evento [&hellip;]<\/p>\n","protected":false},"author":1,"featured_media":2800,"comment_status":"open","ping_status":"open","sticky":false,"template":"","format":"standard","meta":{"footnotes":""},"categories":[1],"tags":[],"class_list":["post-2799","post","type-post","status-publish","format-standard","has-post-thumbnail","hentry","category-sem-categoria"],"_links":{"self":[{"href":"https:\/\/verdadesenoticias.com.br\/site\/wp-json\/wp\/v2\/posts\/2799","targetHints":{"allow":["GET"]}}],"collection":[{"href":"https:\/\/verdadesenoticias.com.br\/site\/wp-json\/wp\/v2\/posts"}],"about":[{"href":"https:\/\/verdadesenoticias.com.br\/site\/wp-json\/wp\/v2\/types\/post"}],"author":[{"embeddable":true,"href":"https:\/\/verdadesenoticias.com.br\/site\/wp-json\/wp\/v2\/users\/1"}],"replies":[{"embeddable":true,"href":"https:\/\/verdadesenoticias.com.br\/site\/wp-json\/wp\/v2\/comments?post=2799"}],"version-history":[{"count":1,"href":"https:\/\/verdadesenoticias.com.br\/site\/wp-json\/wp\/v2\/posts\/2799\/revisions"}],"predecessor-version":[{"id":2801,"href":"https:\/\/verdadesenoticias.com.br\/site\/wp-json\/wp\/v2\/posts\/2799\/revisions\/2801"}],"wp:featuredmedia":[{"embeddable":true,"href":"https:\/\/verdadesenoticias.com.br\/site\/wp-json\/wp\/v2\/media\/2800"}],"wp:attachment":[{"href":"https:\/\/verdadesenoticias.com.br\/site\/wp-json\/wp\/v2\/media?parent=2799"}],"wp:term":[{"taxonomy":"category","embeddable":true,"href":"https:\/\/verdadesenoticias.com.br\/site\/wp-json\/wp\/v2\/categories?post=2799"},{"taxonomy":"post_tag","embeddable":true,"href":"https:\/\/verdadesenoticias.com.br\/site\/wp-json\/wp\/v2\/tags?post=2799"}],"curies":[{"name":"wp","href":"https:\/\/api.w.org\/{rel}","templated":true}]}}