{"id":2808,"date":"2026-07-08T18:22:56","date_gmt":"2026-07-08T21:22:56","guid":{"rendered":"https:\/\/verdadesenoticias.com.br\/site\/?p=2808"},"modified":"2026-07-30T09:10:45","modified_gmt":"2026-07-30T12:10:45","slug":"a-classificacao-da-argentina-causou-alvoroco-nas-tribunas-o-comportamento","status":"publish","type":"post","link":"https:\/\/verdadesenoticias.com.br\/site\/a-classificacao-da-argentina-causou-alvoroco-nas-tribunas-o-comportamento\/","title":{"rendered":"A classifica\u00e7\u00e3o da Argentina causou alvoro\u00e7o nas tribunas. O comportamento"},"content":{"rendered":"<p>A classifica\u00e7\u00e3o da Argentina causou alvoro\u00e7o nas tribunas. O comportamento do presidente da FIFA, Gianni Infantino, ao comemorar a vit\u00f3ria argentina, gerou cr\u00edticas sobre a imparcialidade necess\u00e1ria no torneio. A imagem flagrada pelas c\u00e2meras levanta quest\u00f5es \u00e9ticas. \u00c9 aceit\u00e1vel que o chefe da FIFA comemore dessa forma? D\u00ea sua opini\u00e3o!<br \/>\nHashtags:<br \/>\nFutebol Arbitragem Bastidores Copa2026 Noticias Esporte FutebolInternacional WorldCup Controversia FIFAWorldCup FutebolMundial NoticiaUrgente Brasil Esportes Transparencia Pol\u00edticaDoEsporte FutebolClube \u00c9tica<\/p>\n","protected":false},"excerpt":{"rendered":"<p>A classifica\u00e7\u00e3o da Argentina causou alvoro\u00e7o nas tribunas. O comportamento do presidente da FIFA, Gianni Infantino, ao comemorar a vit\u00f3ria argentina, gerou cr\u00edticas sobre a imparcialidade necess\u00e1ria no torneio. A imagem flagrada pelas c\u00e2meras levanta quest\u00f5es \u00e9ticas. \u00c9 aceit\u00e1vel que o chefe da FIFA comemore dessa forma? D\u00ea sua opini\u00e3o! Hashtags: Futebol Arbitragem Bastidores Copa2026 [&hellip;]<\/p>\n","protected":false},"author":1,"featured_media":2809,"comment_status":"open","ping_status":"open","sticky":false,"template":"","format":"standard","meta":{"footnotes":""},"categories":[1],"tags":[],"class_list":["post-2808","post","type-post","status-publish","format-standard","has-post-thumbnail","hentry","category-sem-categoria"],"_links":{"self":[{"href":"https:\/\/verdadesenoticias.com.br\/site\/wp-json\/wp\/v2\/posts\/2808","targetHints":{"allow":["GET"]}}],"collection":[{"href":"https:\/\/verdadesenoticias.com.br\/site\/wp-json\/wp\/v2\/posts"}],"about":[{"href":"https:\/\/verdadesenoticias.com.br\/site\/wp-json\/wp\/v2\/types\/post"}],"author":[{"embeddable":true,"href":"https:\/\/verdadesenoticias.com.br\/site\/wp-json\/wp\/v2\/users\/1"}],"replies":[{"embeddable":true,"href":"https:\/\/verdadesenoticias.com.br\/site\/wp-json\/wp\/v2\/comments?post=2808"}],"version-history":[{"count":1,"href":"https:\/\/verdadesenoticias.com.br\/site\/wp-json\/wp\/v2\/posts\/2808\/revisions"}],"predecessor-version":[{"id":2810,"href":"https:\/\/verdadesenoticias.com.br\/site\/wp-json\/wp\/v2\/posts\/2808\/revisions\/2810"}],"wp:featuredmedia":[{"embeddable":true,"href":"https:\/\/verdadesenoticias.com.br\/site\/wp-json\/wp\/v2\/media\/2809"}],"wp:attachment":[{"href":"https:\/\/verdadesenoticias.com.br\/site\/wp-json\/wp\/v2\/media?parent=2808"}],"wp:term":[{"taxonomy":"category","embeddable":true,"href":"https:\/\/verdadesenoticias.com.br\/site\/wp-json\/wp\/v2\/categories?post=2808"},{"taxonomy":"post_tag","embeddable":true,"href":"https:\/\/verdadesenoticias.com.br\/site\/wp-json\/wp\/v2\/tags?post=2808"}],"curies":[{"name":"wp","href":"https:\/\/api.w.org\/{rel}","templated":true}]}}