{"id":2814,"date":"2026-07-08T19:20:59","date_gmt":"2026-07-08T22:20:59","guid":{"rendered":"https:\/\/verdadesenoticias.com.br\/site\/?p=2814"},"modified":"2026-07-30T09:10:47","modified_gmt":"2026-07-30T12:10:47","slug":"drama-emocao-e-vaga-garantida-%f0%9f%87%a8%f0%9f%87%ad-a-selecao-suica-provou","status":"publish","type":"post","link":"https:\/\/verdadesenoticias.com.br\/site\/drama-emocao-e-vaga-garantida-%f0%9f%87%a8%f0%9f%87%ad-a-selecao-suica-provou\/","title":{"rendered":"Drama, emo\u00e7\u00e3o e vaga garantida! \ud83c\udde8\ud83c\udded A sele\u00e7\u00e3o su\u00ed\u00e7a provou"},"content":{"rendered":"<p>Drama, emo\u00e7\u00e3o e vaga garantida! \ud83c\udde8\ud83c\udded A sele\u00e7\u00e3o su\u00ed\u00e7a provou sua for\u00e7a em uma disputa de p\u00eanaltis eletrizante contra a Col\u00f4mbia e garantiu o passaporte para as quartas de final da Copa. O caminho rumo ao t\u00edtulo continua e o clima esquenta nos gramados. Quem ser\u00e1 que para esses gigantes? Comenta aqui o seu palpite para a pr\u00f3xima fase!<br \/>\nFutebol Esportes Mundial2026 EmocaoEmCampo Torcida<\/p>\n","protected":false},"excerpt":{"rendered":"<p>Drama, emo\u00e7\u00e3o e vaga garantida! \ud83c\udde8\ud83c\udded A sele\u00e7\u00e3o su\u00ed\u00e7a provou sua for\u00e7a em uma disputa de p\u00eanaltis eletrizante contra a Col\u00f4mbia e garantiu o passaporte para as quartas de final da Copa. O caminho rumo ao t\u00edtulo continua e o clima esquenta nos gramados. Quem ser\u00e1 que para esses gigantes? Comenta aqui o seu palpite [&hellip;]<\/p>\n","protected":false},"author":1,"featured_media":2815,"comment_status":"open","ping_status":"open","sticky":false,"template":"","format":"standard","meta":{"footnotes":""},"categories":[1],"tags":[],"class_list":["post-2814","post","type-post","status-publish","format-standard","has-post-thumbnail","hentry","category-sem-categoria"],"_links":{"self":[{"href":"https:\/\/verdadesenoticias.com.br\/site\/wp-json\/wp\/v2\/posts\/2814","targetHints":{"allow":["GET"]}}],"collection":[{"href":"https:\/\/verdadesenoticias.com.br\/site\/wp-json\/wp\/v2\/posts"}],"about":[{"href":"https:\/\/verdadesenoticias.com.br\/site\/wp-json\/wp\/v2\/types\/post"}],"author":[{"embeddable":true,"href":"https:\/\/verdadesenoticias.com.br\/site\/wp-json\/wp\/v2\/users\/1"}],"replies":[{"embeddable":true,"href":"https:\/\/verdadesenoticias.com.br\/site\/wp-json\/wp\/v2\/comments?post=2814"}],"version-history":[{"count":1,"href":"https:\/\/verdadesenoticias.com.br\/site\/wp-json\/wp\/v2\/posts\/2814\/revisions"}],"predecessor-version":[{"id":2816,"href":"https:\/\/verdadesenoticias.com.br\/site\/wp-json\/wp\/v2\/posts\/2814\/revisions\/2816"}],"wp:featuredmedia":[{"embeddable":true,"href":"https:\/\/verdadesenoticias.com.br\/site\/wp-json\/wp\/v2\/media\/2815"}],"wp:attachment":[{"href":"https:\/\/verdadesenoticias.com.br\/site\/wp-json\/wp\/v2\/media?parent=2814"}],"wp:term":[{"taxonomy":"category","embeddable":true,"href":"https:\/\/verdadesenoticias.com.br\/site\/wp-json\/wp\/v2\/categories?post=2814"},{"taxonomy":"post_tag","embeddable":true,"href":"https:\/\/verdadesenoticias.com.br\/site\/wp-json\/wp\/v2\/tags?post=2814"}],"curies":[{"name":"wp","href":"https:\/\/api.w.org\/{rel}","templated":true}]}}