{"id":2817,"date":"2026-07-08T19:25:55","date_gmt":"2026-07-08T22:25:55","guid":{"rendered":"https:\/\/verdadesenoticias.com.br\/site\/?p=2817"},"modified":"2026-07-30T09:10:48","modified_gmt":"2026-07-30T12:10:48","slug":"o-cenario-politico-de-2026-ja-comeca-a-ferver","status":"publish","type":"post","link":"https:\/\/verdadesenoticias.com.br\/site\/o-cenario-politico-de-2026-ja-comeca-a-ferver\/","title":{"rendered":"O cen\u00e1rio pol\u00edtico de 2026 j\u00e1 come\u00e7a a ferver!"},"content":{"rendered":"<p>O cen\u00e1rio pol\u00edtico de 2026 j\u00e1 come\u00e7a a ferver!  Valdemar Costa Neto, presidente do PL, afirmou que os R$ 881 milh\u00f5es do Fundo Eleitoral n\u00e3o ser\u00e3o suficientes para custear a estrutura das campanhas do partido. O sinal de alerta foi dado: a legenda vai apostar forte na arrecada\u00e7\u00e3o de doa\u00e7\u00f5es privadas. O que voc\u00ea acha dessa estrat\u00e9gia? A pol\u00edtica brasileira em constante transforma\u00e7\u00e3o.<br \/>\nBastidoresPoliticos NoticiasBrasil DebatePolitico FinanciamentoDeCampanha Brasil<\/p>\n","protected":false},"excerpt":{"rendered":"<p>O cen\u00e1rio pol\u00edtico de 2026 j\u00e1 come\u00e7a a ferver! Valdemar Costa Neto, presidente do PL, afirmou que os R$ 881 milh\u00f5es do Fundo Eleitoral n\u00e3o ser\u00e3o suficientes para custear a estrutura das campanhas do partido. O sinal de alerta foi dado: a legenda vai apostar forte na arrecada\u00e7\u00e3o de doa\u00e7\u00f5es privadas. O que voc\u00ea acha [&hellip;]<\/p>\n","protected":false},"author":1,"featured_media":2818,"comment_status":"open","ping_status":"open","sticky":false,"template":"","format":"standard","meta":{"footnotes":""},"categories":[1],"tags":[],"class_list":["post-2817","post","type-post","status-publish","format-standard","has-post-thumbnail","hentry","category-sem-categoria"],"_links":{"self":[{"href":"https:\/\/verdadesenoticias.com.br\/site\/wp-json\/wp\/v2\/posts\/2817","targetHints":{"allow":["GET"]}}],"collection":[{"href":"https:\/\/verdadesenoticias.com.br\/site\/wp-json\/wp\/v2\/posts"}],"about":[{"href":"https:\/\/verdadesenoticias.com.br\/site\/wp-json\/wp\/v2\/types\/post"}],"author":[{"embeddable":true,"href":"https:\/\/verdadesenoticias.com.br\/site\/wp-json\/wp\/v2\/users\/1"}],"replies":[{"embeddable":true,"href":"https:\/\/verdadesenoticias.com.br\/site\/wp-json\/wp\/v2\/comments?post=2817"}],"version-history":[{"count":1,"href":"https:\/\/verdadesenoticias.com.br\/site\/wp-json\/wp\/v2\/posts\/2817\/revisions"}],"predecessor-version":[{"id":2819,"href":"https:\/\/verdadesenoticias.com.br\/site\/wp-json\/wp\/v2\/posts\/2817\/revisions\/2819"}],"wp:featuredmedia":[{"embeddable":true,"href":"https:\/\/verdadesenoticias.com.br\/site\/wp-json\/wp\/v2\/media\/2818"}],"wp:attachment":[{"href":"https:\/\/verdadesenoticias.com.br\/site\/wp-json\/wp\/v2\/media?parent=2817"}],"wp:term":[{"taxonomy":"category","embeddable":true,"href":"https:\/\/verdadesenoticias.com.br\/site\/wp-json\/wp\/v2\/categories?post=2817"},{"taxonomy":"post_tag","embeddable":true,"href":"https:\/\/verdadesenoticias.com.br\/site\/wp-json\/wp\/v2\/tags?post=2817"}],"curies":[{"name":"wp","href":"https:\/\/api.w.org\/{rel}","templated":true}]}}