{"id":2820,"date":"2026-07-08T19:47:26","date_gmt":"2026-07-08T22:47:26","guid":{"rendered":"https:\/\/verdadesenoticias.com.br\/site\/?p=2820"},"modified":"2026-07-30T09:10:49","modified_gmt":"2026-07-30T12:10:49","slug":"mais-um-capitulo-na-corrida-eleitoral-%f0%9f%97%b3%ef%b8%8f-informacoes-de-bastidores","status":"publish","type":"post","link":"https:\/\/verdadesenoticias.com.br\/site\/mais-um-capitulo-na-corrida-eleitoral-%f0%9f%97%b3%ef%b8%8f-informacoes-de-bastidores\/","title":{"rendered":"Mais um cap\u00edtulo na corrida eleitoral! \ud83d\uddf3\ufe0f Informa\u00e7\u00f5es de bastidores"},"content":{"rendered":"<p>Mais um cap\u00edtulo na corrida eleitoral! \ud83d\uddf3\ufe0f Informa\u00e7\u00f5es de bastidores indicam que, a pedido de Jair Bolsonaro, Michelle Bolsonaro deve manter sua pr\u00e9-candidatura ao Senado. O movimento \u00e9 estrat\u00e9gico para o PL nas elei\u00e7\u00f5es de 2026 e promete movimentar o xadrez pol\u00edtico. Como voc\u00ea v\u00ea o impacto dessa candidatura? Deixe sua opini\u00e3o nos coment\u00e1rios!<br \/>\nNoticiasPoliticas Bastidores CongressoNacional DireitaBrasil Eleicoes<\/p>\n","protected":false},"excerpt":{"rendered":"<p>Mais um cap\u00edtulo na corrida eleitoral! \ud83d\uddf3\ufe0f Informa\u00e7\u00f5es de bastidores indicam que, a pedido de Jair Bolsonaro, Michelle Bolsonaro deve manter sua pr\u00e9-candidatura ao Senado. O movimento \u00e9 estrat\u00e9gico para o PL nas elei\u00e7\u00f5es de 2026 e promete movimentar o xadrez pol\u00edtico. Como voc\u00ea v\u00ea o impacto dessa candidatura? Deixe sua opini\u00e3o nos coment\u00e1rios! NoticiasPoliticas [&hellip;]<\/p>\n","protected":false},"author":1,"featured_media":2821,"comment_status":"open","ping_status":"open","sticky":false,"template":"","format":"standard","meta":{"footnotes":""},"categories":[1],"tags":[],"class_list":["post-2820","post","type-post","status-publish","format-standard","has-post-thumbnail","hentry","category-sem-categoria"],"_links":{"self":[{"href":"https:\/\/verdadesenoticias.com.br\/site\/wp-json\/wp\/v2\/posts\/2820","targetHints":{"allow":["GET"]}}],"collection":[{"href":"https:\/\/verdadesenoticias.com.br\/site\/wp-json\/wp\/v2\/posts"}],"about":[{"href":"https:\/\/verdadesenoticias.com.br\/site\/wp-json\/wp\/v2\/types\/post"}],"author":[{"embeddable":true,"href":"https:\/\/verdadesenoticias.com.br\/site\/wp-json\/wp\/v2\/users\/1"}],"replies":[{"embeddable":true,"href":"https:\/\/verdadesenoticias.com.br\/site\/wp-json\/wp\/v2\/comments?post=2820"}],"version-history":[{"count":1,"href":"https:\/\/verdadesenoticias.com.br\/site\/wp-json\/wp\/v2\/posts\/2820\/revisions"}],"predecessor-version":[{"id":2822,"href":"https:\/\/verdadesenoticias.com.br\/site\/wp-json\/wp\/v2\/posts\/2820\/revisions\/2822"}],"wp:featuredmedia":[{"embeddable":true,"href":"https:\/\/verdadesenoticias.com.br\/site\/wp-json\/wp\/v2\/media\/2821"}],"wp:attachment":[{"href":"https:\/\/verdadesenoticias.com.br\/site\/wp-json\/wp\/v2\/media?parent=2820"}],"wp:term":[{"taxonomy":"category","embeddable":true,"href":"https:\/\/verdadesenoticias.com.br\/site\/wp-json\/wp\/v2\/categories?post=2820"},{"taxonomy":"post_tag","embeddable":true,"href":"https:\/\/verdadesenoticias.com.br\/site\/wp-json\/wp\/v2\/tags?post=2820"}],"curies":[{"name":"wp","href":"https:\/\/api.w.org\/{rel}","templated":true}]}}