{"id":2826,"date":"2026-07-08T21:00:06","date_gmt":"2026-07-09T00:00:06","guid":{"rendered":"https:\/\/verdadesenoticias.com.br\/site\/?p=2826"},"modified":"2026-07-30T09:10:51","modified_gmt":"2026-07-30T12:10:51","slug":"vitoria-importante-na-protecao-dos-nossos-jovens-%e2%9a%96%ef%b8%8f-o-senado","status":"publish","type":"post","link":"https:\/\/verdadesenoticias.com.br\/site\/vitoria-importante-na-protecao-dos-nossos-jovens-%e2%9a%96%ef%b8%8f-o-senado\/","title":{"rendered":"Vit\u00f3ria importante na prote\u00e7\u00e3o dos nossos jovens! \u2696\ufe0f O Senado"},"content":{"rendered":"<p>Vit\u00f3ria importante na prote\u00e7\u00e3o dos nossos jovens! \u2696\ufe0f O Senado aprovou o aumento das penas para crimes de viol\u00eancia sexual digital cometidos contra menores de idade. Uma medida urgente para punir com mais rigor quem utiliza a internet para explorar os mais vulner\u00e1veis. A seguran\u00e7a no ambiente virtual \u00e9 prioridade absoluta. Apoia essa decis\u00e3o? Compartilhe essa not\u00edcia importante!<br \/>\nDireitosHumanos ViolenciaDigital NoticiasUrgentes Brasil ProtecaoAosMenores<\/p>\n","protected":false},"excerpt":{"rendered":"<p>Vit\u00f3ria importante na prote\u00e7\u00e3o dos nossos jovens! \u2696\ufe0f O Senado aprovou o aumento das penas para crimes de viol\u00eancia sexual digital cometidos contra menores de idade. Uma medida urgente para punir com mais rigor quem utiliza a internet para explorar os mais vulner\u00e1veis. A seguran\u00e7a no ambiente virtual \u00e9 prioridade absoluta. Apoia essa decis\u00e3o? Compartilhe [&hellip;]<\/p>\n","protected":false},"author":1,"featured_media":2827,"comment_status":"open","ping_status":"open","sticky":false,"template":"","format":"standard","meta":{"footnotes":""},"categories":[1],"tags":[],"class_list":["post-2826","post","type-post","status-publish","format-standard","has-post-thumbnail","hentry","category-sem-categoria"],"_links":{"self":[{"href":"https:\/\/verdadesenoticias.com.br\/site\/wp-json\/wp\/v2\/posts\/2826","targetHints":{"allow":["GET"]}}],"collection":[{"href":"https:\/\/verdadesenoticias.com.br\/site\/wp-json\/wp\/v2\/posts"}],"about":[{"href":"https:\/\/verdadesenoticias.com.br\/site\/wp-json\/wp\/v2\/types\/post"}],"author":[{"embeddable":true,"href":"https:\/\/verdadesenoticias.com.br\/site\/wp-json\/wp\/v2\/users\/1"}],"replies":[{"embeddable":true,"href":"https:\/\/verdadesenoticias.com.br\/site\/wp-json\/wp\/v2\/comments?post=2826"}],"version-history":[{"count":1,"href":"https:\/\/verdadesenoticias.com.br\/site\/wp-json\/wp\/v2\/posts\/2826\/revisions"}],"predecessor-version":[{"id":2828,"href":"https:\/\/verdadesenoticias.com.br\/site\/wp-json\/wp\/v2\/posts\/2826\/revisions\/2828"}],"wp:featuredmedia":[{"embeddable":true,"href":"https:\/\/verdadesenoticias.com.br\/site\/wp-json\/wp\/v2\/media\/2827"}],"wp:attachment":[{"href":"https:\/\/verdadesenoticias.com.br\/site\/wp-json\/wp\/v2\/media?parent=2826"}],"wp:term":[{"taxonomy":"category","embeddable":true,"href":"https:\/\/verdadesenoticias.com.br\/site\/wp-json\/wp\/v2\/categories?post=2826"},{"taxonomy":"post_tag","embeddable":true,"href":"https:\/\/verdadesenoticias.com.br\/site\/wp-json\/wp\/v2\/tags?post=2826"}],"curies":[{"name":"wp","href":"https:\/\/api.w.org\/{rel}","templated":true}]}}