{"id":2829,"date":"2026-07-10T09:41:12","date_gmt":"2026-07-10T12:41:12","guid":{"rendered":"https:\/\/verdadesenoticias.com.br\/site\/?p=2829"},"modified":"2026-07-30T09:10:52","modified_gmt":"2026-07-30T12:10:52","slug":"mudanca-importante-no-setor-de-energia-%ef%b8%8f-a-neoenergia-uma","status":"publish","type":"post","link":"https:\/\/verdadesenoticias.com.br\/site\/mudanca-importante-no-setor-de-energia-%ef%b8%8f-a-neoenergia-uma\/","title":{"rendered":"Mudan\u00e7a importante no setor de energia! \ufe0f A Neoenergia, uma"},"content":{"rendered":"<p>Mudan\u00e7a importante no setor de energia! \ufe0f<br \/>\nA Neoenergia, uma das maiores empresas do segmento no pa\u00eds, anunciou uma altera\u00e7\u00e3o em sua diretoria. Frederico Candian deixa o comando da companhia, dando lugar a Andr\u00e9 Santos.<br \/>\nA movimenta\u00e7\u00e3o marca uma nova fase para a empresa, que \u00e9 pe\u00e7a-chave no fornecimento de energia para diversas regi\u00f5es do Brasil.<br \/>\nO que voc\u00ea achou dessa transi\u00e7\u00e3o? Deixe sua opini\u00e3o nos coment\u00e1rios!<br \/>\nDistritoFederal Not\u00edcias<\/p>\n","protected":false},"excerpt":{"rendered":"<p>Mudan\u00e7a importante no setor de energia! \ufe0f A Neoenergia, uma das maiores empresas do segmento no pa\u00eds, anunciou uma altera\u00e7\u00e3o em sua diretoria. Frederico Candian deixa o comando da companhia, dando lugar a Andr\u00e9 Santos. A movimenta\u00e7\u00e3o marca uma nova fase para a empresa, que \u00e9 pe\u00e7a-chave no fornecimento de energia para diversas regi\u00f5es do [&hellip;]<\/p>\n","protected":false},"author":1,"featured_media":2830,"comment_status":"open","ping_status":"open","sticky":false,"template":"","format":"standard","meta":{"footnotes":""},"categories":[1],"tags":[],"class_list":["post-2829","post","type-post","status-publish","format-standard","has-post-thumbnail","hentry","category-sem-categoria"],"_links":{"self":[{"href":"https:\/\/verdadesenoticias.com.br\/site\/wp-json\/wp\/v2\/posts\/2829","targetHints":{"allow":["GET"]}}],"collection":[{"href":"https:\/\/verdadesenoticias.com.br\/site\/wp-json\/wp\/v2\/posts"}],"about":[{"href":"https:\/\/verdadesenoticias.com.br\/site\/wp-json\/wp\/v2\/types\/post"}],"author":[{"embeddable":true,"href":"https:\/\/verdadesenoticias.com.br\/site\/wp-json\/wp\/v2\/users\/1"}],"replies":[{"embeddable":true,"href":"https:\/\/verdadesenoticias.com.br\/site\/wp-json\/wp\/v2\/comments?post=2829"}],"version-history":[{"count":1,"href":"https:\/\/verdadesenoticias.com.br\/site\/wp-json\/wp\/v2\/posts\/2829\/revisions"}],"predecessor-version":[{"id":2831,"href":"https:\/\/verdadesenoticias.com.br\/site\/wp-json\/wp\/v2\/posts\/2829\/revisions\/2831"}],"wp:featuredmedia":[{"embeddable":true,"href":"https:\/\/verdadesenoticias.com.br\/site\/wp-json\/wp\/v2\/media\/2830"}],"wp:attachment":[{"href":"https:\/\/verdadesenoticias.com.br\/site\/wp-json\/wp\/v2\/media?parent=2829"}],"wp:term":[{"taxonomy":"category","embeddable":true,"href":"https:\/\/verdadesenoticias.com.br\/site\/wp-json\/wp\/v2\/categories?post=2829"},{"taxonomy":"post_tag","embeddable":true,"href":"https:\/\/verdadesenoticias.com.br\/site\/wp-json\/wp\/v2\/tags?post=2829"}],"curies":[{"name":"wp","href":"https:\/\/api.w.org\/{rel}","templated":true}]}}