{"id":2835,"date":"2026-07-10T11:42:06","date_gmt":"2026-07-10T14:42:06","guid":{"rendered":"https:\/\/verdadesenoticias.com.br\/site\/?p=2835"},"modified":"2026-07-30T09:10:54","modified_gmt":"2026-07-30T12:10:54","slug":"gesto-de-craque-dentro-e-fora-de-campo-kylian","status":"publish","type":"post","link":"https:\/\/verdadesenoticias.com.br\/site\/gesto-de-craque-dentro-e-fora-de-campo-kylian\/","title":{"rendered":"Gesto de craque dentro e fora de campo!  Kylian"},"content":{"rendered":"<p>Gesto de craque dentro e fora de campo!<br \/>\nKylian Mbapp\u00e9 reafirmou seu compromisso com a Sele\u00e7\u00e3o Francesa ao anunciar que doa todas as premia\u00e7\u00f5es recebidas jogando pelo seu pa\u00eds. O atacante foi direto ao ponto: \u201cN\u00e3o preciso ser pago para defender as cores do meu pa\u00eds\u201d.<br \/>\nO valor arrecadado \u00e9 destinado a institui\u00e7\u00f5es de caridade, transformando o sucesso no futebol em impacto social real. Um exemplo de que o papel de um \u00eddolo vai muito al\u00e9m das quatro linhas. \ufe0f<br \/>\nO que voc\u00ea acha dessa atitude do camisa 10? Deixe sua opini\u00e3o nos coment\u00e1rios!<br \/>\nCraque Fran\u00e7a FutebolInternacional<\/p>\n","protected":false},"excerpt":{"rendered":"<p>Gesto de craque dentro e fora de campo! Kylian Mbapp\u00e9 reafirmou seu compromisso com a Sele\u00e7\u00e3o Francesa ao anunciar que doa todas as premia\u00e7\u00f5es recebidas jogando pelo seu pa\u00eds. O atacante foi direto ao ponto: \u201cN\u00e3o preciso ser pago para defender as cores do meu pa\u00eds\u201d. O valor arrecadado \u00e9 destinado a institui\u00e7\u00f5es de caridade, [&hellip;]<\/p>\n","protected":false},"author":1,"featured_media":2836,"comment_status":"open","ping_status":"open","sticky":false,"template":"","format":"standard","meta":{"footnotes":""},"categories":[1],"tags":[],"class_list":["post-2835","post","type-post","status-publish","format-standard","has-post-thumbnail","hentry","category-sem-categoria"],"_links":{"self":[{"href":"https:\/\/verdadesenoticias.com.br\/site\/wp-json\/wp\/v2\/posts\/2835","targetHints":{"allow":["GET"]}}],"collection":[{"href":"https:\/\/verdadesenoticias.com.br\/site\/wp-json\/wp\/v2\/posts"}],"about":[{"href":"https:\/\/verdadesenoticias.com.br\/site\/wp-json\/wp\/v2\/types\/post"}],"author":[{"embeddable":true,"href":"https:\/\/verdadesenoticias.com.br\/site\/wp-json\/wp\/v2\/users\/1"}],"replies":[{"embeddable":true,"href":"https:\/\/verdadesenoticias.com.br\/site\/wp-json\/wp\/v2\/comments?post=2835"}],"version-history":[{"count":1,"href":"https:\/\/verdadesenoticias.com.br\/site\/wp-json\/wp\/v2\/posts\/2835\/revisions"}],"predecessor-version":[{"id":2837,"href":"https:\/\/verdadesenoticias.com.br\/site\/wp-json\/wp\/v2\/posts\/2835\/revisions\/2837"}],"wp:featuredmedia":[{"embeddable":true,"href":"https:\/\/verdadesenoticias.com.br\/site\/wp-json\/wp\/v2\/media\/2836"}],"wp:attachment":[{"href":"https:\/\/verdadesenoticias.com.br\/site\/wp-json\/wp\/v2\/media?parent=2835"}],"wp:term":[{"taxonomy":"category","embeddable":true,"href":"https:\/\/verdadesenoticias.com.br\/site\/wp-json\/wp\/v2\/categories?post=2835"},{"taxonomy":"post_tag","embeddable":true,"href":"https:\/\/verdadesenoticias.com.br\/site\/wp-json\/wp\/v2\/tags?post=2835"}],"curies":[{"name":"wp","href":"https:\/\/api.w.org\/{rel}","templated":true}]}}