{"id":2838,"date":"2026-07-10T13:26:02","date_gmt":"2026-07-10T16:26:02","guid":{"rendered":"https:\/\/verdadesenoticias.com.br\/site\/?p=2838"},"modified":"2026-07-30T09:10:55","modified_gmt":"2026-07-30T12:10:55","slug":"cenario-eleitoral-no-df-celina-leao-aparece-na-frente-em","status":"publish","type":"post","link":"https:\/\/verdadesenoticias.com.br\/site\/cenario-eleitoral-no-df-celina-leao-aparece-na-frente-em\/","title":{"rendered":"Cen\u00e1rio eleitoral no DF: Celina Le\u00e3o aparece na frente em"},"content":{"rendered":"<p>Cen\u00e1rio eleitoral no DF: Celina Le\u00e3o aparece na frente em novas inten\u00e7\u00f5es de voto para o Governo do Distrito Federal (GDF).<br \/>\nDe acordo com levantamento recente, a atual vice-governadora lidera a prefer\u00eancia do eleitorado em dois cen\u00e1rios diferentes.<br \/>\nA pesquisa, assinada pelas colunistas Isadora Teixeira e Samara Schwingel, traz os n\u00fameros detalhados da corrida pelo Pal\u00e1cio do Buriti.<\/p>\n<p>Metr\u00f3poles<\/p>\n","protected":false},"excerpt":{"rendered":"<p>Cen\u00e1rio eleitoral no DF: Celina Le\u00e3o aparece na frente em novas inten\u00e7\u00f5es de voto para o Governo do Distrito Federal (GDF). De acordo com levantamento recente, a atual vice-governadora lidera a prefer\u00eancia do eleitorado em dois cen\u00e1rios diferentes. A pesquisa, assinada pelas colunistas Isadora Teixeira e Samara Schwingel, traz os n\u00fameros detalhados da corrida pelo [&hellip;]<\/p>\n","protected":false},"author":1,"featured_media":2839,"comment_status":"open","ping_status":"open","sticky":false,"template":"","format":"standard","meta":{"footnotes":""},"categories":[1],"tags":[],"class_list":["post-2838","post","type-post","status-publish","format-standard","has-post-thumbnail","hentry","category-sem-categoria"],"_links":{"self":[{"href":"https:\/\/verdadesenoticias.com.br\/site\/wp-json\/wp\/v2\/posts\/2838","targetHints":{"allow":["GET"]}}],"collection":[{"href":"https:\/\/verdadesenoticias.com.br\/site\/wp-json\/wp\/v2\/posts"}],"about":[{"href":"https:\/\/verdadesenoticias.com.br\/site\/wp-json\/wp\/v2\/types\/post"}],"author":[{"embeddable":true,"href":"https:\/\/verdadesenoticias.com.br\/site\/wp-json\/wp\/v2\/users\/1"}],"replies":[{"embeddable":true,"href":"https:\/\/verdadesenoticias.com.br\/site\/wp-json\/wp\/v2\/comments?post=2838"}],"version-history":[{"count":1,"href":"https:\/\/verdadesenoticias.com.br\/site\/wp-json\/wp\/v2\/posts\/2838\/revisions"}],"predecessor-version":[{"id":2840,"href":"https:\/\/verdadesenoticias.com.br\/site\/wp-json\/wp\/v2\/posts\/2838\/revisions\/2840"}],"wp:featuredmedia":[{"embeddable":true,"href":"https:\/\/verdadesenoticias.com.br\/site\/wp-json\/wp\/v2\/media\/2839"}],"wp:attachment":[{"href":"https:\/\/verdadesenoticias.com.br\/site\/wp-json\/wp\/v2\/media?parent=2838"}],"wp:term":[{"taxonomy":"category","embeddable":true,"href":"https:\/\/verdadesenoticias.com.br\/site\/wp-json\/wp\/v2\/categories?post=2838"},{"taxonomy":"post_tag","embeddable":true,"href":"https:\/\/verdadesenoticias.com.br\/site\/wp-json\/wp\/v2\/tags?post=2838"}],"curies":[{"name":"wp","href":"https:\/\/api.w.org\/{rel}","templated":true}]}}