{"id":2841,"date":"2026-07-10T14:09:34","date_gmt":"2026-07-10T17:09:34","guid":{"rendered":"https:\/\/verdadesenoticias.com.br\/site\/?p=2841"},"modified":"2026-07-30T09:10:56","modified_gmt":"2026-07-30T12:10:56","slug":"mais-agilidade-na-saude-do-df-o-governo-do-distrito","status":"publish","type":"post","link":"https:\/\/verdadesenoticias.com.br\/site\/mais-agilidade-na-saude-do-df-o-governo-do-distrito\/","title":{"rendered":"MAIS AGILIDADE NA SA\u00daDE DO DF! O Governo do Distrito"},"content":{"rendered":"<p>MAIS AGILIDADE NA SA\u00daDE DO DF!<br \/>\nO Governo do Distrito Federal (GDF) anunciou a cria\u00e7\u00e3o de uma rede integrada de sa\u00fade com um objetivo claro: desburocratiar e agilizar os atendimentos para a popula\u00e7\u00e3o.<br \/>\nCom a nova medida, a integra\u00e7\u00e3o entre as unidades promete diminuir o tempo de espera e conectar de forma mais eficiente os hospitais, UPAs e postos de sa\u00fade da capital. Menos filas, mais efici\u00eancia e um cuidado mais r\u00e1pido para quem precisa.<br \/>\n O que muda com a Rede Integrada?<br \/>\n Atendimento Conectado: Informa\u00e7\u00f5es e encaminhamentos mais r\u00e1pidos entre as unidades de sa\u00fade.<br \/>\n Foco na Agilidade: Processos otimizados para reduzir o tempo de espera do paciente.<br \/>\n Gest\u00e3o Eficiente: Centraliza\u00e7\u00e3o de dados para direcionar os recursos para onde a demanda \u00e9 maior.<br \/>\nCom essa iniciativa, a Secretaria de Sa\u00fade do DF busca dar um passo importante para modernizar o SUS na capital e garantir a dignidade que o cidad\u00e3o merece.<br \/>\n O que voc\u00ea achou dessa novidade? Acha que vai melhorar os atendimentos na sua regi\u00e3o? Deixe sua opini\u00e3o nos coment\u00e1rios!<br \/>\nNoticiasDF SUS<\/p>\n","protected":false},"excerpt":{"rendered":"<p>MAIS AGILIDADE NA SA\u00daDE DO DF! O Governo do Distrito Federal (GDF) anunciou a cria\u00e7\u00e3o de uma rede integrada de sa\u00fade com um objetivo claro: desburocratiar e agilizar os atendimentos para a popula\u00e7\u00e3o. Com a nova medida, a integra\u00e7\u00e3o entre as unidades promete diminuir o tempo de espera e conectar de forma mais eficiente os [&hellip;]<\/p>\n","protected":false},"author":1,"featured_media":2842,"comment_status":"open","ping_status":"open","sticky":false,"template":"","format":"standard","meta":{"footnotes":""},"categories":[1],"tags":[],"class_list":["post-2841","post","type-post","status-publish","format-standard","has-post-thumbnail","hentry","category-sem-categoria"],"_links":{"self":[{"href":"https:\/\/verdadesenoticias.com.br\/site\/wp-json\/wp\/v2\/posts\/2841","targetHints":{"allow":["GET"]}}],"collection":[{"href":"https:\/\/verdadesenoticias.com.br\/site\/wp-json\/wp\/v2\/posts"}],"about":[{"href":"https:\/\/verdadesenoticias.com.br\/site\/wp-json\/wp\/v2\/types\/post"}],"author":[{"embeddable":true,"href":"https:\/\/verdadesenoticias.com.br\/site\/wp-json\/wp\/v2\/users\/1"}],"replies":[{"embeddable":true,"href":"https:\/\/verdadesenoticias.com.br\/site\/wp-json\/wp\/v2\/comments?post=2841"}],"version-history":[{"count":1,"href":"https:\/\/verdadesenoticias.com.br\/site\/wp-json\/wp\/v2\/posts\/2841\/revisions"}],"predecessor-version":[{"id":2843,"href":"https:\/\/verdadesenoticias.com.br\/site\/wp-json\/wp\/v2\/posts\/2841\/revisions\/2843"}],"wp:featuredmedia":[{"embeddable":true,"href":"https:\/\/verdadesenoticias.com.br\/site\/wp-json\/wp\/v2\/media\/2842"}],"wp:attachment":[{"href":"https:\/\/verdadesenoticias.com.br\/site\/wp-json\/wp\/v2\/media?parent=2841"}],"wp:term":[{"taxonomy":"category","embeddable":true,"href":"https:\/\/verdadesenoticias.com.br\/site\/wp-json\/wp\/v2\/categories?post=2841"},{"taxonomy":"post_tag","embeddable":true,"href":"https:\/\/verdadesenoticias.com.br\/site\/wp-json\/wp\/v2\/tags?post=2841"}],"curies":[{"name":"wp","href":"https:\/\/api.w.org\/{rel}","templated":true}]}}