{"id":2850,"date":"2026-07-04T21:28:54","date_gmt":"2026-07-05T00:28:54","guid":{"rendered":"https:\/\/verdadesenoticias.com.br\/site\/?p=2850"},"modified":"2026-07-30T09:11:50","modified_gmt":"2026-07-30T12:11:50","slug":"a-noticia-que-o-mundo-do-futebol-esperava-esta-confirmado","status":"publish","type":"post","link":"https:\/\/verdadesenoticias.com.br\/site\/a-noticia-que-o-mundo-do-futebol-esperava-esta-confirmado\/","title":{"rendered":"A not\u00edcia que o mundo do futebol esperava! Est\u00e1 confirmado:"},"content":{"rendered":"<p>A not\u00edcia que o mundo do futebol esperava! Est\u00e1 confirmado: teremos mais Lionel Messi em campo na pr\u00f3xima Copa do Mundo. A lenda argentina, aclamada por muitos como o maior de todos os tempos (GOAT), continua sua trajet\u00f3ria em busca de mais gl\u00f3rias com a sele\u00e7\u00e3o albiceleste. A Caz\u00e9TV j\u00e1 se prepara para a cobertura. Voc\u00ea acha que ele levanta a ta\u00e7a de novo?<br \/>\nfifa esporte cazetv craque messigoat copa2026 noticias futeboldemundo esportes futebolinternacional lenda campeao futebolarte messiarte<\/p>\n","protected":false},"excerpt":{"rendered":"<p>A not\u00edcia que o mundo do futebol esperava! Est\u00e1 confirmado: teremos mais Lionel Messi em campo na pr\u00f3xima Copa do Mundo. A lenda argentina, aclamada por muitos como o maior de todos os tempos (GOAT), continua sua trajet\u00f3ria em busca de mais gl\u00f3rias com a sele\u00e7\u00e3o albiceleste. A Caz\u00e9TV j\u00e1 se prepara para a cobertura. [&hellip;]<\/p>\n","protected":false},"author":1,"featured_media":2851,"comment_status":"open","ping_status":"open","sticky":false,"template":"","format":"standard","meta":{"footnotes":""},"categories":[1],"tags":[],"class_list":["post-2850","post","type-post","status-publish","format-standard","has-post-thumbnail","hentry","category-sem-categoria"],"_links":{"self":[{"href":"https:\/\/verdadesenoticias.com.br\/site\/wp-json\/wp\/v2\/posts\/2850","targetHints":{"allow":["GET"]}}],"collection":[{"href":"https:\/\/verdadesenoticias.com.br\/site\/wp-json\/wp\/v2\/posts"}],"about":[{"href":"https:\/\/verdadesenoticias.com.br\/site\/wp-json\/wp\/v2\/types\/post"}],"author":[{"embeddable":true,"href":"https:\/\/verdadesenoticias.com.br\/site\/wp-json\/wp\/v2\/users\/1"}],"replies":[{"embeddable":true,"href":"https:\/\/verdadesenoticias.com.br\/site\/wp-json\/wp\/v2\/comments?post=2850"}],"version-history":[{"count":1,"href":"https:\/\/verdadesenoticias.com.br\/site\/wp-json\/wp\/v2\/posts\/2850\/revisions"}],"predecessor-version":[{"id":2852,"href":"https:\/\/verdadesenoticias.com.br\/site\/wp-json\/wp\/v2\/posts\/2850\/revisions\/2852"}],"wp:featuredmedia":[{"embeddable":true,"href":"https:\/\/verdadesenoticias.com.br\/site\/wp-json\/wp\/v2\/media\/2851"}],"wp:attachment":[{"href":"https:\/\/verdadesenoticias.com.br\/site\/wp-json\/wp\/v2\/media?parent=2850"}],"wp:term":[{"taxonomy":"category","embeddable":true,"href":"https:\/\/verdadesenoticias.com.br\/site\/wp-json\/wp\/v2\/categories?post=2850"},{"taxonomy":"post_tag","embeddable":true,"href":"https:\/\/verdadesenoticias.com.br\/site\/wp-json\/wp\/v2\/tags?post=2850"}],"curies":[{"name":"wp","href":"https:\/\/api.w.org\/{rel}","templated":true}]}}