{"id":2853,"date":"2026-07-04T21:46:23","date_gmt":"2026-07-05T00:46:23","guid":{"rendered":"https:\/\/verdadesenoticias.com.br\/site\/?p=2853"},"modified":"2026-07-30T09:11:51","modified_gmt":"2026-07-30T12:11:51","slug":"polemica-nos-gastos-parlamentares-o-deputado-federal-fred-linhares-esta","status":"publish","type":"post","link":"https:\/\/verdadesenoticias.com.br\/site\/polemica-nos-gastos-parlamentares-o-deputado-federal-fred-linhares-esta\/","title":{"rendered":"Pol\u00eamica nos gastos parlamentares! O deputado federal Fred Linhares est\u00e1"},"content":{"rendered":"<p>Pol\u00eamica nos gastos parlamentares!<br \/>\nO deputado federal Fred Linhares est\u00e1 no centro de uma nova discuss\u00e3o sobre o uso da cota parlamentar. Segundo informa\u00e7\u00f5es divulgadas pelo Metr\u00f3poles, o parlamentar aparece como o campe\u00e3o de gastos com gasolina.<br \/>\nO que mais chamou a aten\u00e7\u00e3o foi a recorr\u00eancia dos abastecimentos: em registros analisados, consta que o deputado chegou a encher o tanque do ve\u00edculo tr\u00eas vezes no mesmo dia.<br \/>\nO caso levanta questionamentos sobre a transpar\u00eancia e a necessidade desses gastos que s\u00e3o custeados com dinheiro p\u00fablico.<br \/>\n O que voc\u00ea acha dessa situa\u00e7\u00e3o? Deixe sua opini\u00e3o nos coment\u00e1rios.<br \/>\nNoticias<\/p>\n","protected":false},"excerpt":{"rendered":"<p>Pol\u00eamica nos gastos parlamentares! O deputado federal Fred Linhares est\u00e1 no centro de uma nova discuss\u00e3o sobre o uso da cota parlamentar. Segundo informa\u00e7\u00f5es divulgadas pelo Metr\u00f3poles, o parlamentar aparece como o campe\u00e3o de gastos com gasolina. O que mais chamou a aten\u00e7\u00e3o foi a recorr\u00eancia dos abastecimentos: em registros analisados, consta que o deputado [&hellip;]<\/p>\n","protected":false},"author":1,"featured_media":2854,"comment_status":"open","ping_status":"open","sticky":false,"template":"","format":"standard","meta":{"footnotes":""},"categories":[1],"tags":[],"class_list":["post-2853","post","type-post","status-publish","format-standard","has-post-thumbnail","hentry","category-sem-categoria"],"_links":{"self":[{"href":"https:\/\/verdadesenoticias.com.br\/site\/wp-json\/wp\/v2\/posts\/2853","targetHints":{"allow":["GET"]}}],"collection":[{"href":"https:\/\/verdadesenoticias.com.br\/site\/wp-json\/wp\/v2\/posts"}],"about":[{"href":"https:\/\/verdadesenoticias.com.br\/site\/wp-json\/wp\/v2\/types\/post"}],"author":[{"embeddable":true,"href":"https:\/\/verdadesenoticias.com.br\/site\/wp-json\/wp\/v2\/users\/1"}],"replies":[{"embeddable":true,"href":"https:\/\/verdadesenoticias.com.br\/site\/wp-json\/wp\/v2\/comments?post=2853"}],"version-history":[{"count":1,"href":"https:\/\/verdadesenoticias.com.br\/site\/wp-json\/wp\/v2\/posts\/2853\/revisions"}],"predecessor-version":[{"id":2855,"href":"https:\/\/verdadesenoticias.com.br\/site\/wp-json\/wp\/v2\/posts\/2853\/revisions\/2855"}],"wp:featuredmedia":[{"embeddable":true,"href":"https:\/\/verdadesenoticias.com.br\/site\/wp-json\/wp\/v2\/media\/2854"}],"wp:attachment":[{"href":"https:\/\/verdadesenoticias.com.br\/site\/wp-json\/wp\/v2\/media?parent=2853"}],"wp:term":[{"taxonomy":"category","embeddable":true,"href":"https:\/\/verdadesenoticias.com.br\/site\/wp-json\/wp\/v2\/categories?post=2853"},{"taxonomy":"post_tag","embeddable":true,"href":"https:\/\/verdadesenoticias.com.br\/site\/wp-json\/wp\/v2\/tags?post=2853"}],"curies":[{"name":"wp","href":"https:\/\/api.w.org\/{rel}","templated":true}]}}