{"id":2856,"date":"2026-07-05T22:06:36","date_gmt":"2026-07-06T01:06:36","guid":{"rendered":"https:\/\/verdadesenoticias.com.br\/site\/?p=2856"},"modified":"2026-07-30T09:11:51","modified_gmt":"2026-07-30T12:11:51","slug":"oficial-o-fim-de-uma-era-na-selecao-brasileira-a","status":"publish","type":"post","link":"https:\/\/verdadesenoticias.com.br\/site\/oficial-o-fim-de-uma-era-na-selecao-brasileira-a\/","title":{"rendered":"OFICIAL: O FIM DE UMA ERA NA SELE\u00c7\u00c3O BRASILEIRA? A"},"content":{"rendered":"<p>OFICIAL: O FIM DE UMA ERA NA SELE\u00c7\u00c3O BRASILEIRA?<br \/>\nA not\u00edcia pegou todos de surpresa. Em um desabafo emocionante, Neymar Jr. sinalizou o que parece ser o encerramento de seu ciclo com a camisa da Sele\u00e7\u00e3o Brasileira. \ud83c\udde7\ud83c\uddf7\ufe0f<br \/>\nAp\u00f3s anos carregando o protagonismo, o camisa 10 abriu o cora\u00e7\u00e3o e deixou claro que o desgaste emocional chegou ao limite: \u201cTentei, tentei e n\u00e3o consegui\u201d, afirmou o craque.<br \/>\nA declara\u00e7\u00e3o levanta debates intensos entre torcedores:<br \/>\n\ud83e\udd14 Ser\u00e1 que este \u00e9 realmente o fim definitivo do craque na Sele\u00e7\u00e3o?<br \/>\n\ud83e\udd14 Como fica o Brasil sem o seu principal nome da \u00faltima d\u00e9cada?<br \/>\nA trajet\u00f3ria de Neymar com a Amarelinha \u00e9 marcada por gols, dribles, pol\u00eamicas e uma dedica\u00e7\u00e3o ineg\u00e1vel. Se este for mesmo o adeus, fica o legado de um dos maiores artilheiros da nossa hist\u00f3ria.<br \/>\n Queremos saber a sua opini\u00e3o: Voc\u00ea acha que o Neymar ainda deveria ter uma \u00faltima chance na Copa ou o ciclo est\u00e1 encerrado? Comente abaixo!<br \/>\nNot\u00edciasEsportivas FutebolBrasileiro<\/p>\n","protected":false},"excerpt":{"rendered":"<p>OFICIAL: O FIM DE UMA ERA NA SELE\u00c7\u00c3O BRASILEIRA? A not\u00edcia pegou todos de surpresa. Em um desabafo emocionante, Neymar Jr. sinalizou o que parece ser o encerramento de seu ciclo com a camisa da Sele\u00e7\u00e3o Brasileira. \ud83c\udde7\ud83c\uddf7\ufe0f Ap\u00f3s anos carregando o protagonismo, o camisa 10 abriu o cora\u00e7\u00e3o e deixou claro que o desgaste [&hellip;]<\/p>\n","protected":false},"author":1,"featured_media":2857,"comment_status":"open","ping_status":"open","sticky":false,"template":"","format":"standard","meta":{"footnotes":""},"categories":[1],"tags":[],"class_list":["post-2856","post","type-post","status-publish","format-standard","has-post-thumbnail","hentry","category-sem-categoria"],"_links":{"self":[{"href":"https:\/\/verdadesenoticias.com.br\/site\/wp-json\/wp\/v2\/posts\/2856","targetHints":{"allow":["GET"]}}],"collection":[{"href":"https:\/\/verdadesenoticias.com.br\/site\/wp-json\/wp\/v2\/posts"}],"about":[{"href":"https:\/\/verdadesenoticias.com.br\/site\/wp-json\/wp\/v2\/types\/post"}],"author":[{"embeddable":true,"href":"https:\/\/verdadesenoticias.com.br\/site\/wp-json\/wp\/v2\/users\/1"}],"replies":[{"embeddable":true,"href":"https:\/\/verdadesenoticias.com.br\/site\/wp-json\/wp\/v2\/comments?post=2856"}],"version-history":[{"count":1,"href":"https:\/\/verdadesenoticias.com.br\/site\/wp-json\/wp\/v2\/posts\/2856\/revisions"}],"predecessor-version":[{"id":2858,"href":"https:\/\/verdadesenoticias.com.br\/site\/wp-json\/wp\/v2\/posts\/2856\/revisions\/2858"}],"wp:featuredmedia":[{"embeddable":true,"href":"https:\/\/verdadesenoticias.com.br\/site\/wp-json\/wp\/v2\/media\/2857"}],"wp:attachment":[{"href":"https:\/\/verdadesenoticias.com.br\/site\/wp-json\/wp\/v2\/media?parent=2856"}],"wp:term":[{"taxonomy":"category","embeddable":true,"href":"https:\/\/verdadesenoticias.com.br\/site\/wp-json\/wp\/v2\/categories?post=2856"},{"taxonomy":"post_tag","embeddable":true,"href":"https:\/\/verdadesenoticias.com.br\/site\/wp-json\/wp\/v2\/tags?post=2856"}],"curies":[{"name":"wp","href":"https:\/\/api.w.org\/{rel}","templated":true}]}}