{"id":2868,"date":"2026-07-05T22:46:06","date_gmt":"2026-07-06T01:46:06","guid":{"rendered":"https:\/\/verdadesenoticias.com.br\/site\/?p=2868"},"modified":"2026-07-30T09:11:53","modified_gmt":"2026-07-30T12:11:53","slug":"%ef%b8%8f-fim-da-linha-na-copa-%f0%9f%87%a7%f0%9f%87%b7-a-selecao-brasileira","status":"publish","type":"post","link":"https:\/\/verdadesenoticias.com.br\/site\/%ef%b8%8f-fim-da-linha-na-copa-%f0%9f%87%a7%f0%9f%87%b7-a-selecao-brasileira\/","title":{"rendered":"\ufe0f FIM DA LINHA NA COPA! \ud83c\udde7\ud83c\uddf7 A Sele\u00e7\u00e3o Brasileira"},"content":{"rendered":"<p>\ufe0f FIM DA LINHA NA COPA! \ud83c\udde7\ud83c\uddf7<br \/>\nA Sele\u00e7\u00e3o Brasileira est\u00e1 fora da Copa do Mundo 2026. Ap\u00f3s a derrota por 2 a 1 para a Noruega, nas oitavas de final, o clima \u00e9 de profunda tristeza no vesti\u00e1rio brasileiro.<br \/>\nAp\u00f3s o apito final, Carlo Ancelotti evitou falar com a imprensa, deixando o gramado visivelmente abatido. Quem representou a comiss\u00e3o t\u00e9cnica foi seu filho e auxiliar, Davide Ancelotti, que explicou a estrat\u00e9gia do p\u00eanalti desperdi\u00e7ado por Bruno Guimar\u00e3es logo no in\u00edcio da partida, afirmando ser uma decis\u00e3o t\u00e9cnica pr\u00e9-definida.<br \/>\nHoras depois, j\u00e1 mais calmo, Ancelotti lamentou o resultado, classificou a elimina\u00e7\u00e3o como injusta e projetou o futuro:<br \/>\n\ud83d\udde3\ufe0f \u201cEstamos profundamente tristes. Acho que hoje merec\u00edamos ganhar o jogo. Temos que seguir trabalhando e melhorando. N\u00e3o \u00e9 o fim, \u00e9 o princ\u00edpio de um novo ciclo\u201d, afirmou o treinador, que tem contrato com a CBF at\u00e9 2030.<br \/>\nA queda precoce representa um duro golpe para o projeto comandado pelo italiano.<br \/>\n Qual a sua opini\u00e3o sobre o trabalho de Ancelotti at\u00e9 aqui e o que precisa mudar para o pr\u00f3ximo ciclo? Deixe seu coment\u00e1rio!<br \/>\nNot\u00edciaEsportiva<\/p>\n","protected":false},"excerpt":{"rendered":"<p>\ufe0f FIM DA LINHA NA COPA! \ud83c\udde7\ud83c\uddf7 A Sele\u00e7\u00e3o Brasileira est\u00e1 fora da Copa do Mundo 2026. Ap\u00f3s a derrota por 2 a 1 para a Noruega, nas oitavas de final, o clima \u00e9 de profunda tristeza no vesti\u00e1rio brasileiro. Ap\u00f3s o apito final, Carlo Ancelotti evitou falar com a imprensa, deixando o gramado visivelmente [&hellip;]<\/p>\n","protected":false},"author":1,"featured_media":2869,"comment_status":"open","ping_status":"open","sticky":false,"template":"","format":"standard","meta":{"footnotes":""},"categories":[1],"tags":[],"class_list":["post-2868","post","type-post","status-publish","format-standard","has-post-thumbnail","hentry","category-sem-categoria"],"_links":{"self":[{"href":"https:\/\/verdadesenoticias.com.br\/site\/wp-json\/wp\/v2\/posts\/2868","targetHints":{"allow":["GET"]}}],"collection":[{"href":"https:\/\/verdadesenoticias.com.br\/site\/wp-json\/wp\/v2\/posts"}],"about":[{"href":"https:\/\/verdadesenoticias.com.br\/site\/wp-json\/wp\/v2\/types\/post"}],"author":[{"embeddable":true,"href":"https:\/\/verdadesenoticias.com.br\/site\/wp-json\/wp\/v2\/users\/1"}],"replies":[{"embeddable":true,"href":"https:\/\/verdadesenoticias.com.br\/site\/wp-json\/wp\/v2\/comments?post=2868"}],"version-history":[{"count":1,"href":"https:\/\/verdadesenoticias.com.br\/site\/wp-json\/wp\/v2\/posts\/2868\/revisions"}],"predecessor-version":[{"id":2870,"href":"https:\/\/verdadesenoticias.com.br\/site\/wp-json\/wp\/v2\/posts\/2868\/revisions\/2870"}],"wp:featuredmedia":[{"embeddable":true,"href":"https:\/\/verdadesenoticias.com.br\/site\/wp-json\/wp\/v2\/media\/2869"}],"wp:attachment":[{"href":"https:\/\/verdadesenoticias.com.br\/site\/wp-json\/wp\/v2\/media?parent=2868"}],"wp:term":[{"taxonomy":"category","embeddable":true,"href":"https:\/\/verdadesenoticias.com.br\/site\/wp-json\/wp\/v2\/categories?post=2868"},{"taxonomy":"post_tag","embeddable":true,"href":"https:\/\/verdadesenoticias.com.br\/site\/wp-json\/wp\/v2\/tags?post=2868"}],"curies":[{"name":"wp","href":"https:\/\/api.w.org\/{rel}","templated":true}]}}