{"id":2871,"date":"2026-07-06T18:47:25","date_gmt":"2026-07-06T21:47:25","guid":{"rendered":"https:\/\/verdadesenoticias.com.br\/site\/?p=2871"},"modified":"2026-07-30T09:11:54","modified_gmt":"2026-07-30T12:11:54","slug":"a-polemica-que-parou-a-internet-%ef%b8%8f-recentemente-a-postura","status":"publish","type":"post","link":"https:\/\/verdadesenoticias.com.br\/site\/a-polemica-que-parou-a-internet-%ef%b8%8f-recentemente-a-postura\/","title":{"rendered":"A pol\u00eamica que parou a internet! \ufe0f Recentemente, a postura"},"content":{"rendered":"<p>A pol\u00eamica que parou a internet! \ufe0f<br \/>\nRecentemente, a postura da Caz\u00e9TV diante de Cristiano Ronaldo e Neymar gerou uma verdadeira onda de debates nas redes sociais. Enquanto CR7 foi exaltado pela sua longevidade e entrega em campo, Neymar acabou sendo alvo de cr\u00edticas contundentes por parte da transmiss\u00e3o.<br \/>\nA grande quest\u00e3o que divide os torcedores \u00e9: o que leva uma emissora a tratar de formas t\u00e3o distintas dois dos maiores \u00edcones do futebol mundial?<br \/>\nDe um lado, a admira\u00e7\u00e3o pela disciplina quase sobre-humana do portugu\u00eas. Do outro, a frustra\u00e7\u00e3o de uma na\u00e7\u00e3o com os altos e baixos do nosso camisa 10. Seria uma an\u00e1lise t\u00e9cnica rigorosa ou um tratamento injusto com quem j\u00e1 nos deu tantas alegrias?<br \/>\nQueremos saber a SUA opini\u00e3o!<br \/>\n1\ufe0f\u20e3 Voc\u00ea concorda com a postura da Caz\u00e9TV ou acha que o Neymar foi injusti\u00e7ado?<br \/>\n2\ufe0f\u20e3 A cobran\u00e7a sobre o Neymar \u00e9 excessiva pelo fato dele ser brasileiro?<br \/>\nComente aqui embaixo! O debate est\u00e1 aberto. \ud83d\udde3\ufe0f<br \/>\nPol\u00eamicaEsportiva CR7<\/p>\n","protected":false},"excerpt":{"rendered":"<p>A pol\u00eamica que parou a internet! \ufe0f Recentemente, a postura da Caz\u00e9TV diante de Cristiano Ronaldo e Neymar gerou uma verdadeira onda de debates nas redes sociais. Enquanto CR7 foi exaltado pela sua longevidade e entrega em campo, Neymar acabou sendo alvo de cr\u00edticas contundentes por parte da transmiss\u00e3o. A grande quest\u00e3o que divide os [&hellip;]<\/p>\n","protected":false},"author":1,"featured_media":2872,"comment_status":"open","ping_status":"open","sticky":false,"template":"","format":"standard","meta":{"footnotes":""},"categories":[1],"tags":[],"class_list":["post-2871","post","type-post","status-publish","format-standard","has-post-thumbnail","hentry","category-sem-categoria"],"_links":{"self":[{"href":"https:\/\/verdadesenoticias.com.br\/site\/wp-json\/wp\/v2\/posts\/2871","targetHints":{"allow":["GET"]}}],"collection":[{"href":"https:\/\/verdadesenoticias.com.br\/site\/wp-json\/wp\/v2\/posts"}],"about":[{"href":"https:\/\/verdadesenoticias.com.br\/site\/wp-json\/wp\/v2\/types\/post"}],"author":[{"embeddable":true,"href":"https:\/\/verdadesenoticias.com.br\/site\/wp-json\/wp\/v2\/users\/1"}],"replies":[{"embeddable":true,"href":"https:\/\/verdadesenoticias.com.br\/site\/wp-json\/wp\/v2\/comments?post=2871"}],"version-history":[{"count":1,"href":"https:\/\/verdadesenoticias.com.br\/site\/wp-json\/wp\/v2\/posts\/2871\/revisions"}],"predecessor-version":[{"id":2873,"href":"https:\/\/verdadesenoticias.com.br\/site\/wp-json\/wp\/v2\/posts\/2871\/revisions\/2873"}],"wp:featuredmedia":[{"embeddable":true,"href":"https:\/\/verdadesenoticias.com.br\/site\/wp-json\/wp\/v2\/media\/2872"}],"wp:attachment":[{"href":"https:\/\/verdadesenoticias.com.br\/site\/wp-json\/wp\/v2\/media?parent=2871"}],"wp:term":[{"taxonomy":"category","embeddable":true,"href":"https:\/\/verdadesenoticias.com.br\/site\/wp-json\/wp\/v2\/categories?post=2871"},{"taxonomy":"post_tag","embeddable":true,"href":"https:\/\/verdadesenoticias.com.br\/site\/wp-json\/wp\/v2\/tags?post=2871"}],"curies":[{"name":"wp","href":"https:\/\/api.w.org\/{rel}","templated":true}]}}