{"id":2874,"date":"2026-07-06T19:04:54","date_gmt":"2026-07-06T22:04:54","guid":{"rendered":"https:\/\/verdadesenoticias.com.br\/site\/?p=2874"},"modified":"2026-07-30T09:11:54","modified_gmt":"2026-07-30T12:11:54","slug":"deolane-bezerra-enfrenta-crise-de-saude-no-presidio-relatorio-do","status":"publish","type":"post","link":"https:\/\/verdadesenoticias.com.br\/site\/deolane-bezerra-enfrenta-crise-de-saude-no-presidio-relatorio-do\/","title":{"rendered":"DEOLANE BEZERRA ENFRENTA CRISE DE SA\u00daDE NO PRES\u00cdDIO Relat\u00f3rio do"},"content":{"rendered":"<p>DEOLANE BEZERRA ENFRENTA CRISE DE SA\u00daDE NO PRES\u00cdDIO<br \/>\nRelat\u00f3rio do Minist\u00e9rio P\u00fablico aponta que a influenciadora e advogada Deolane Bezerra tem sofrido de s\u00edndromes de p\u00e2nico enquanto cumpre sua pris\u00e3o preventiva na Penitenci\u00e1ria Feminina de Tupi Paulista (SP).<br \/>\nA defesa da influenciadora j\u00e1 havia alertado anteriormente sobre a necessidade de acompanhamento m\u00e9dico e uso de medica\u00e7\u00e3o controlada para quadros de depress\u00e3o, condi\u00e7\u00e3o que tem sido agravada pelo confinamento. Apesar dos pedidos da defesa por melhores condi\u00e7\u00f5es ou pris\u00e3o domiciliar, baseados em relatos de insalubridade na unidade prisional, a Justi\u00e7a tem mantido a cust\u00f3dia ap\u00f3s confirma\u00e7\u00f5es t\u00e9cnicas de que a r\u00e9 se encontra em pavilh\u00e3o especial, com condi\u00e7\u00f5es adequadas e acesso a atendimento m\u00e9dico.<br \/>\nDeolane Bezerra est\u00e1 presa preventivamente desde o dia 21 de maio, no \u00e2mbito da Opera\u00e7\u00e3o V\u00e9rnix, sendo investigada por suspeitas de lavagem de dinheiro e organiza\u00e7\u00e3o criminosa ligada ao PCC.<\/p>\n","protected":false},"excerpt":{"rendered":"<p>DEOLANE BEZERRA ENFRENTA CRISE DE SA\u00daDE NO PRES\u00cdDIO Relat\u00f3rio do Minist\u00e9rio P\u00fablico aponta que a influenciadora e advogada Deolane Bezerra tem sofrido de s\u00edndromes de p\u00e2nico enquanto cumpre sua pris\u00e3o preventiva na Penitenci\u00e1ria Feminina de Tupi Paulista (SP). A defesa da influenciadora j\u00e1 havia alertado anteriormente sobre a necessidade de acompanhamento m\u00e9dico e uso de [&hellip;]<\/p>\n","protected":false},"author":1,"featured_media":2875,"comment_status":"open","ping_status":"open","sticky":false,"template":"","format":"standard","meta":{"footnotes":""},"categories":[1],"tags":[],"class_list":["post-2874","post","type-post","status-publish","format-standard","has-post-thumbnail","hentry","category-sem-categoria"],"_links":{"self":[{"href":"https:\/\/verdadesenoticias.com.br\/site\/wp-json\/wp\/v2\/posts\/2874","targetHints":{"allow":["GET"]}}],"collection":[{"href":"https:\/\/verdadesenoticias.com.br\/site\/wp-json\/wp\/v2\/posts"}],"about":[{"href":"https:\/\/verdadesenoticias.com.br\/site\/wp-json\/wp\/v2\/types\/post"}],"author":[{"embeddable":true,"href":"https:\/\/verdadesenoticias.com.br\/site\/wp-json\/wp\/v2\/users\/1"}],"replies":[{"embeddable":true,"href":"https:\/\/verdadesenoticias.com.br\/site\/wp-json\/wp\/v2\/comments?post=2874"}],"version-history":[{"count":1,"href":"https:\/\/verdadesenoticias.com.br\/site\/wp-json\/wp\/v2\/posts\/2874\/revisions"}],"predecessor-version":[{"id":2876,"href":"https:\/\/verdadesenoticias.com.br\/site\/wp-json\/wp\/v2\/posts\/2874\/revisions\/2876"}],"wp:featuredmedia":[{"embeddable":true,"href":"https:\/\/verdadesenoticias.com.br\/site\/wp-json\/wp\/v2\/media\/2875"}],"wp:attachment":[{"href":"https:\/\/verdadesenoticias.com.br\/site\/wp-json\/wp\/v2\/media?parent=2874"}],"wp:term":[{"taxonomy":"category","embeddable":true,"href":"https:\/\/verdadesenoticias.com.br\/site\/wp-json\/wp\/v2\/categories?post=2874"},{"taxonomy":"post_tag","embeddable":true,"href":"https:\/\/verdadesenoticias.com.br\/site\/wp-json\/wp\/v2\/tags?post=2874"}],"curies":[{"name":"wp","href":"https:\/\/api.w.org\/{rel}","templated":true}]}}