{"id":2877,"date":"2026-07-06T19:08:21","date_gmt":"2026-07-06T22:08:21","guid":{"rendered":"https:\/\/verdadesenoticias.com.br\/site\/?p=2877"},"modified":"2026-07-30T09:11:55","modified_gmt":"2026-07-30T12:11:55","slug":"luxemburgo-detona-ancelotti-apos-derrota-acabando-com-o-brasil-o","status":"publish","type":"post","link":"https:\/\/verdadesenoticias.com.br\/site\/luxemburgo-detona-ancelotti-apos-derrota-acabando-com-o-brasil-o\/","title":{"rendered":"LUXEMBURGO \u2018DETONA\u2019 ANCELOTTI AP\u00d3S DERROTA: \u2018ACABANDO COM O BRASIL\u2019 O"},"content":{"rendered":"<p>LUXEMBURGO \u2018DETONA\u2019 ANCELOTTI AP\u00d3S DERROTA: \u2018ACABANDO COM O BRASIL\u2019<br \/>\nO clima esquentou! Ap\u00f3s mais um resultado negativo da Sele\u00e7\u00e3o Brasileira, Vanderlei Luxemburgo n\u00e3o poupou cr\u00edticas a Carlo Ancelotti.<br \/>\nEm declara\u00e7\u00f5es fortes, o t\u00e9cnico brasileiro subiu o tom contra o trabalho realizado pelo italiano, afirmando que ele est\u00e1 \u201cacabando com o Brasil\u201d no comando da equipe.<br \/>\nA fala de Luxemburgo repercute intensamente entre os torcedores e reacende o debate sobre o futuro e o comando t\u00e9cnico da Sele\u00e7\u00e3o Brasileira.<br \/>\n E voc\u00ea, concorda com a opini\u00e3o de Luxemburgo ou acha que as cr\u00edticas s\u00e3o exageradas? Deixe sua opini\u00e3o nos coment\u00e1rios!<br \/>\nNoticiasEsportivas<\/p>\n","protected":false},"excerpt":{"rendered":"<p>LUXEMBURGO \u2018DETONA\u2019 ANCELOTTI AP\u00d3S DERROTA: \u2018ACABANDO COM O BRASIL\u2019 O clima esquentou! Ap\u00f3s mais um resultado negativo da Sele\u00e7\u00e3o Brasileira, Vanderlei Luxemburgo n\u00e3o poupou cr\u00edticas a Carlo Ancelotti. Em declara\u00e7\u00f5es fortes, o t\u00e9cnico brasileiro subiu o tom contra o trabalho realizado pelo italiano, afirmando que ele est\u00e1 \u201cacabando com o Brasil\u201d no comando da equipe. [&hellip;]<\/p>\n","protected":false},"author":1,"featured_media":2878,"comment_status":"open","ping_status":"open","sticky":false,"template":"","format":"standard","meta":{"footnotes":""},"categories":[1],"tags":[],"class_list":["post-2877","post","type-post","status-publish","format-standard","has-post-thumbnail","hentry","category-sem-categoria"],"_links":{"self":[{"href":"https:\/\/verdadesenoticias.com.br\/site\/wp-json\/wp\/v2\/posts\/2877","targetHints":{"allow":["GET"]}}],"collection":[{"href":"https:\/\/verdadesenoticias.com.br\/site\/wp-json\/wp\/v2\/posts"}],"about":[{"href":"https:\/\/verdadesenoticias.com.br\/site\/wp-json\/wp\/v2\/types\/post"}],"author":[{"embeddable":true,"href":"https:\/\/verdadesenoticias.com.br\/site\/wp-json\/wp\/v2\/users\/1"}],"replies":[{"embeddable":true,"href":"https:\/\/verdadesenoticias.com.br\/site\/wp-json\/wp\/v2\/comments?post=2877"}],"version-history":[{"count":1,"href":"https:\/\/verdadesenoticias.com.br\/site\/wp-json\/wp\/v2\/posts\/2877\/revisions"}],"predecessor-version":[{"id":2879,"href":"https:\/\/verdadesenoticias.com.br\/site\/wp-json\/wp\/v2\/posts\/2877\/revisions\/2879"}],"wp:featuredmedia":[{"embeddable":true,"href":"https:\/\/verdadesenoticias.com.br\/site\/wp-json\/wp\/v2\/media\/2878"}],"wp:attachment":[{"href":"https:\/\/verdadesenoticias.com.br\/site\/wp-json\/wp\/v2\/media?parent=2877"}],"wp:term":[{"taxonomy":"category","embeddable":true,"href":"https:\/\/verdadesenoticias.com.br\/site\/wp-json\/wp\/v2\/categories?post=2877"},{"taxonomy":"post_tag","embeddable":true,"href":"https:\/\/verdadesenoticias.com.br\/site\/wp-json\/wp\/v2\/tags?post=2877"}],"curies":[{"name":"wp","href":"https:\/\/api.w.org\/{rel}","templated":true}]}}