{"id":2880,"date":"2026-07-06T19:11:41","date_gmt":"2026-07-06T22:11:41","guid":{"rendered":"https:\/\/verdadesenoticias.com.br\/site\/?p=2880"},"modified":"2026-07-30T09:11:55","modified_gmt":"2026-07-30T12:11:55","slug":"tragedia-em-aguas-lindas-empresaria-e-morta-apos-cobranca-de","status":"publish","type":"post","link":"https:\/\/verdadesenoticias.com.br\/site\/tragedia-em-aguas-lindas-empresaria-e-morta-apos-cobranca-de\/","title":{"rendered":"TRAG\u00c9DIA EM \u00c1GUAS LINDAS: EMPRES\u00c1RIA \u00c9 MORTA AP\u00d3S COBRAN\u00c7A DE"},"content":{"rendered":"<p>TRAG\u00c9DIA EM \u00c1GUAS LINDAS: EMPRES\u00c1RIA \u00c9 MORTA AP\u00d3S COBRAN\u00c7A DE D\u00cdVIDA DO IRM\u00c3O<br \/>\nUm crime brutal chocou a comunidade de \u00c1guas Lindas. Uma empres\u00e1ria local teve sua vida interrompida tragicamente ao ser alvo de cobran\u00e7as relacionadas a d\u00edvidas contra\u00eddas pelo seu irm\u00e3o.<br \/>\nO caso levanta um alerta grave sobre a inseguran\u00e7a e o envolvimento de terceiros em disputas financeiras de familiares. As autoridades seguem investigando o caso para identificar e punir os respons\u00e1veis pela execu\u00e7\u00e3o.<br \/>\nAcompanhamos os desdobramentos desta investiga\u00e7\u00e3o.<br \/>\nInvestigacao<\/p>\n","protected":false},"excerpt":{"rendered":"<p>TRAG\u00c9DIA EM \u00c1GUAS LINDAS: EMPRES\u00c1RIA \u00c9 MORTA AP\u00d3S COBRAN\u00c7A DE D\u00cdVIDA DO IRM\u00c3O Um crime brutal chocou a comunidade de \u00c1guas Lindas. Uma empres\u00e1ria local teve sua vida interrompida tragicamente ao ser alvo de cobran\u00e7as relacionadas a d\u00edvidas contra\u00eddas pelo seu irm\u00e3o. O caso levanta um alerta grave sobre a inseguran\u00e7a e o envolvimento de [&hellip;]<\/p>\n","protected":false},"author":1,"featured_media":2881,"comment_status":"open","ping_status":"open","sticky":false,"template":"","format":"standard","meta":{"footnotes":""},"categories":[1],"tags":[],"class_list":["post-2880","post","type-post","status-publish","format-standard","has-post-thumbnail","hentry","category-sem-categoria"],"_links":{"self":[{"href":"https:\/\/verdadesenoticias.com.br\/site\/wp-json\/wp\/v2\/posts\/2880","targetHints":{"allow":["GET"]}}],"collection":[{"href":"https:\/\/verdadesenoticias.com.br\/site\/wp-json\/wp\/v2\/posts"}],"about":[{"href":"https:\/\/verdadesenoticias.com.br\/site\/wp-json\/wp\/v2\/types\/post"}],"author":[{"embeddable":true,"href":"https:\/\/verdadesenoticias.com.br\/site\/wp-json\/wp\/v2\/users\/1"}],"replies":[{"embeddable":true,"href":"https:\/\/verdadesenoticias.com.br\/site\/wp-json\/wp\/v2\/comments?post=2880"}],"version-history":[{"count":1,"href":"https:\/\/verdadesenoticias.com.br\/site\/wp-json\/wp\/v2\/posts\/2880\/revisions"}],"predecessor-version":[{"id":2882,"href":"https:\/\/verdadesenoticias.com.br\/site\/wp-json\/wp\/v2\/posts\/2880\/revisions\/2882"}],"wp:featuredmedia":[{"embeddable":true,"href":"https:\/\/verdadesenoticias.com.br\/site\/wp-json\/wp\/v2\/media\/2881"}],"wp:attachment":[{"href":"https:\/\/verdadesenoticias.com.br\/site\/wp-json\/wp\/v2\/media?parent=2880"}],"wp:term":[{"taxonomy":"category","embeddable":true,"href":"https:\/\/verdadesenoticias.com.br\/site\/wp-json\/wp\/v2\/categories?post=2880"},{"taxonomy":"post_tag","embeddable":true,"href":"https:\/\/verdadesenoticias.com.br\/site\/wp-json\/wp\/v2\/tags?post=2880"}],"curies":[{"name":"wp","href":"https:\/\/api.w.org\/{rel}","templated":true}]}}