{"id":2883,"date":"2026-07-06T19:20:20","date_gmt":"2026-07-06T22:20:20","guid":{"rendered":"https:\/\/verdadesenoticias.com.br\/site\/?p=2883"},"modified":"2026-07-30T09:11:56","modified_gmt":"2026-07-30T12:11:56","slug":"polemica-no-ar-ronaldo-fenomeno-abriu-o-jogo-e","status":"publish","type":"post","link":"https:\/\/verdadesenoticias.com.br\/site\/polemica-no-ar-ronaldo-fenomeno-abriu-o-jogo-e\/","title":{"rendered":"Pol\u00eamica no ar!  Ronaldo Fen\u00f4meno abriu o jogo e"},"content":{"rendered":"<p>Pol\u00eamica no ar!  Ronaldo Fen\u00f4meno abriu o jogo e n\u00e3o poupou a Sele\u00e7\u00e3o Brasileira de cr\u00edticas ap\u00f3s as \u00faltimas atua\u00e7\u00f5es.<br \/>\nO \u00eddolo, que conhece como ningu\u00e9m o peso da camisa amarelinha, destacou que Vini Jr. precisa assumir o protagonismo e a responsabilidade dentro de campo quando a equipe mais precisa. As declara\u00e7\u00f5es j\u00e1 est\u00e3o dando o que falar entre os torcedores.<br \/>\nE voc\u00ea, concorda com o Fen\u00f4meno? Vini Jr. deveria ter mais liberdade ou precisa carregar o piano em momentos decisivos? \ud83e\udd14<br \/>\nDeixe sua opini\u00e3o nos coment\u00e1rios!<br \/>\nNot\u00edciasEsportivas Sele\u00e7\u00e3o<\/p>\n","protected":false},"excerpt":{"rendered":"<p>Pol\u00eamica no ar! Ronaldo Fen\u00f4meno abriu o jogo e n\u00e3o poupou a Sele\u00e7\u00e3o Brasileira de cr\u00edticas ap\u00f3s as \u00faltimas atua\u00e7\u00f5es. O \u00eddolo, que conhece como ningu\u00e9m o peso da camisa amarelinha, destacou que Vini Jr. precisa assumir o protagonismo e a responsabilidade dentro de campo quando a equipe mais precisa. As declara\u00e7\u00f5es j\u00e1 est\u00e3o dando [&hellip;]<\/p>\n","protected":false},"author":1,"featured_media":2884,"comment_status":"open","ping_status":"open","sticky":false,"template":"","format":"standard","meta":{"footnotes":""},"categories":[1],"tags":[],"class_list":["post-2883","post","type-post","status-publish","format-standard","has-post-thumbnail","hentry","category-sem-categoria"],"_links":{"self":[{"href":"https:\/\/verdadesenoticias.com.br\/site\/wp-json\/wp\/v2\/posts\/2883","targetHints":{"allow":["GET"]}}],"collection":[{"href":"https:\/\/verdadesenoticias.com.br\/site\/wp-json\/wp\/v2\/posts"}],"about":[{"href":"https:\/\/verdadesenoticias.com.br\/site\/wp-json\/wp\/v2\/types\/post"}],"author":[{"embeddable":true,"href":"https:\/\/verdadesenoticias.com.br\/site\/wp-json\/wp\/v2\/users\/1"}],"replies":[{"embeddable":true,"href":"https:\/\/verdadesenoticias.com.br\/site\/wp-json\/wp\/v2\/comments?post=2883"}],"version-history":[{"count":1,"href":"https:\/\/verdadesenoticias.com.br\/site\/wp-json\/wp\/v2\/posts\/2883\/revisions"}],"predecessor-version":[{"id":2885,"href":"https:\/\/verdadesenoticias.com.br\/site\/wp-json\/wp\/v2\/posts\/2883\/revisions\/2885"}],"wp:featuredmedia":[{"embeddable":true,"href":"https:\/\/verdadesenoticias.com.br\/site\/wp-json\/wp\/v2\/media\/2884"}],"wp:attachment":[{"href":"https:\/\/verdadesenoticias.com.br\/site\/wp-json\/wp\/v2\/media?parent=2883"}],"wp:term":[{"taxonomy":"category","embeddable":true,"href":"https:\/\/verdadesenoticias.com.br\/site\/wp-json\/wp\/v2\/categories?post=2883"},{"taxonomy":"post_tag","embeddable":true,"href":"https:\/\/verdadesenoticias.com.br\/site\/wp-json\/wp\/v2\/tags?post=2883"}],"curies":[{"name":"wp","href":"https:\/\/api.w.org\/{rel}","templated":true}]}}