{"id":2910,"date":"2026-07-07T17:50:03","date_gmt":"2026-07-07T20:50:03","guid":{"rendered":"https:\/\/verdadesenoticias.com.br\/site\/?p=2910"},"modified":"2026-07-30T09:12:04","modified_gmt":"2026-07-30T12:12:04","slug":"a-permanencia-de-delegados-da-policia-federal-no-stf-continua","status":"publish","type":"post","link":"https:\/\/verdadesenoticias.com.br\/site\/a-permanencia-de-delegados-da-policia-federal-no-stf-continua\/","title":{"rendered":"A perman\u00eancia de delegados da Pol\u00edcia Federal no STF continua"},"content":{"rendered":"<p>A perman\u00eancia de delegados da Pol\u00edcia Federal no STF continua gerando debates intensos ap\u00f3s o alerta emitido pelo ministro Andr\u00e9 Mendon\u00e7a. O cen\u00e1rio pol\u00edtico e jur\u00eddico brasileiro segue atento aos pr\u00f3ximos passos dessa movimenta\u00e7\u00e3o que envolve duas das maiores institui\u00e7\u00f5es do pa\u00eds. O equil\u00edbrio entre os poderes est\u00e1 sendo colocado \u00e0 prova neste momento decisivo.<br \/>\n Hashtags: Brasil Instituicoes PF NoticiasPoliticas Direito Supremo PoderJudiciario Brasilia Seguranca Democracia Fatos Noticia BastidoresPoliticos PoliticaBrasileira Urgente<\/p>\n","protected":false},"excerpt":{"rendered":"<p>A perman\u00eancia de delegados da Pol\u00edcia Federal no STF continua gerando debates intensos ap\u00f3s o alerta emitido pelo ministro Andr\u00e9 Mendon\u00e7a. O cen\u00e1rio pol\u00edtico e jur\u00eddico brasileiro segue atento aos pr\u00f3ximos passos dessa movimenta\u00e7\u00e3o que envolve duas das maiores institui\u00e7\u00f5es do pa\u00eds. O equil\u00edbrio entre os poderes est\u00e1 sendo colocado \u00e0 prova neste momento decisivo. [&hellip;]<\/p>\n","protected":false},"author":1,"featured_media":2911,"comment_status":"open","ping_status":"open","sticky":false,"template":"","format":"standard","meta":{"footnotes":""},"categories":[1],"tags":[],"class_list":["post-2910","post","type-post","status-publish","format-standard","has-post-thumbnail","hentry","category-sem-categoria"],"_links":{"self":[{"href":"https:\/\/verdadesenoticias.com.br\/site\/wp-json\/wp\/v2\/posts\/2910","targetHints":{"allow":["GET"]}}],"collection":[{"href":"https:\/\/verdadesenoticias.com.br\/site\/wp-json\/wp\/v2\/posts"}],"about":[{"href":"https:\/\/verdadesenoticias.com.br\/site\/wp-json\/wp\/v2\/types\/post"}],"author":[{"embeddable":true,"href":"https:\/\/verdadesenoticias.com.br\/site\/wp-json\/wp\/v2\/users\/1"}],"replies":[{"embeddable":true,"href":"https:\/\/verdadesenoticias.com.br\/site\/wp-json\/wp\/v2\/comments?post=2910"}],"version-history":[{"count":1,"href":"https:\/\/verdadesenoticias.com.br\/site\/wp-json\/wp\/v2\/posts\/2910\/revisions"}],"predecessor-version":[{"id":2912,"href":"https:\/\/verdadesenoticias.com.br\/site\/wp-json\/wp\/v2\/posts\/2910\/revisions\/2912"}],"wp:featuredmedia":[{"embeddable":true,"href":"https:\/\/verdadesenoticias.com.br\/site\/wp-json\/wp\/v2\/media\/2911"}],"wp:attachment":[{"href":"https:\/\/verdadesenoticias.com.br\/site\/wp-json\/wp\/v2\/media?parent=2910"}],"wp:term":[{"taxonomy":"category","embeddable":true,"href":"https:\/\/verdadesenoticias.com.br\/site\/wp-json\/wp\/v2\/categories?post=2910"},{"taxonomy":"post_tag","embeddable":true,"href":"https:\/\/verdadesenoticias.com.br\/site\/wp-json\/wp\/v2\/tags?post=2910"}],"curies":[{"name":"wp","href":"https:\/\/api.w.org\/{rel}","templated":true}]}}