{"id":2916,"date":"2026-07-07T18:41:11","date_gmt":"2026-07-07T21:41:11","guid":{"rendered":"https:\/\/verdadesenoticias.com.br\/site\/?p=2916"},"modified":"2026-07-30T09:12:06","modified_gmt":"2026-07-30T12:12:06","slug":"a-defesa-de-fabio-luis-lula-da-silva-o-lulinha","status":"publish","type":"post","link":"https:\/\/verdadesenoticias.com.br\/site\/a-defesa-de-fabio-luis-lula-da-silva-o-lulinha\/","title":{"rendered":"A defesa de F\u00e1bio Lu\u00eds Lula da Silva, o Lulinha,"},"content":{"rendered":"<p>A defesa de F\u00e1bio Lu\u00eds Lula da Silva, o Lulinha, moveu uma pe\u00e7a importante: um pedido formal de arquivamento de investiga\u00e7\u00e3o direcionado ao diretor-geral da Pol\u00edcia Federal, Andrei Rodrigues. O caso, que tramita sob sigilo e aten\u00e7\u00e3o da m\u00eddia, entra em uma fase de an\u00e1lise crucial sobre a continuidade ou n\u00e3o das apura\u00e7\u00f5es. Acompanhamos os pr\u00f3ximos cap\u00edtulos desta saga.<br \/>\n Hashtags: PoliticaBrasileira STF Brasil NoticiasPoliticas Arquivamento Defesa Direito FatosPoliticos Brasilia News Politica InvestigacaoPF JusticaBrasileira Urgente Bastidores<\/p>\n","protected":false},"excerpt":{"rendered":"<p>A defesa de F\u00e1bio Lu\u00eds Lula da Silva, o Lulinha, moveu uma pe\u00e7a importante: um pedido formal de arquivamento de investiga\u00e7\u00e3o direcionado ao diretor-geral da Pol\u00edcia Federal, Andrei Rodrigues. O caso, que tramita sob sigilo e aten\u00e7\u00e3o da m\u00eddia, entra em uma fase de an\u00e1lise crucial sobre a continuidade ou n\u00e3o das apura\u00e7\u00f5es. Acompanhamos os [&hellip;]<\/p>\n","protected":false},"author":1,"featured_media":2917,"comment_status":"open","ping_status":"open","sticky":false,"template":"","format":"standard","meta":{"footnotes":""},"categories":[1],"tags":[],"class_list":["post-2916","post","type-post","status-publish","format-standard","has-post-thumbnail","hentry","category-sem-categoria"],"_links":{"self":[{"href":"https:\/\/verdadesenoticias.com.br\/site\/wp-json\/wp\/v2\/posts\/2916","targetHints":{"allow":["GET"]}}],"collection":[{"href":"https:\/\/verdadesenoticias.com.br\/site\/wp-json\/wp\/v2\/posts"}],"about":[{"href":"https:\/\/verdadesenoticias.com.br\/site\/wp-json\/wp\/v2\/types\/post"}],"author":[{"embeddable":true,"href":"https:\/\/verdadesenoticias.com.br\/site\/wp-json\/wp\/v2\/users\/1"}],"replies":[{"embeddable":true,"href":"https:\/\/verdadesenoticias.com.br\/site\/wp-json\/wp\/v2\/comments?post=2916"}],"version-history":[{"count":1,"href":"https:\/\/verdadesenoticias.com.br\/site\/wp-json\/wp\/v2\/posts\/2916\/revisions"}],"predecessor-version":[{"id":2918,"href":"https:\/\/verdadesenoticias.com.br\/site\/wp-json\/wp\/v2\/posts\/2916\/revisions\/2918"}],"wp:featuredmedia":[{"embeddable":true,"href":"https:\/\/verdadesenoticias.com.br\/site\/wp-json\/wp\/v2\/media\/2917"}],"wp:attachment":[{"href":"https:\/\/verdadesenoticias.com.br\/site\/wp-json\/wp\/v2\/media?parent=2916"}],"wp:term":[{"taxonomy":"category","embeddable":true,"href":"https:\/\/verdadesenoticias.com.br\/site\/wp-json\/wp\/v2\/categories?post=2916"},{"taxonomy":"post_tag","embeddable":true,"href":"https:\/\/verdadesenoticias.com.br\/site\/wp-json\/wp\/v2\/tags?post=2916"}],"curies":[{"name":"wp","href":"https:\/\/api.w.org\/{rel}","templated":true}]}}