{"id":2923,"date":"2026-07-03T11:32:29","date_gmt":"2026-07-03T14:32:29","guid":{"rendered":"https:\/\/verdadesenoticias.com.br\/site\/?p=2923"},"modified":"2026-07-30T09:12:55","modified_gmt":"2026-07-30T12:12:55","slug":"a-rotina-no-complexo-penitenciario-da-papuda-sofreu-alteracoes-estrategicas","status":"publish","type":"post","link":"https:\/\/verdadesenoticias.com.br\/site\/a-rotina-no-complexo-penitenciario-da-papuda-sofreu-alteracoes-estrategicas\/","title":{"rendered":"A rotina no Complexo Penitenci\u00e1rio da Papuda sofreu altera\u00e7\u00f5es estrat\u00e9gicas"},"content":{"rendered":"<p>A rotina no Complexo Penitenci\u00e1rio da Papuda sofreu altera\u00e7\u00f5es estrat\u00e9gicas para garantir o isolamento absoluto de Daniel Vorcaro. A administra\u00e7\u00e3o prisional implementou medidas rigorosas para evitar qualquer tipo de contato ou encontro entre Vorcaro e Paulo Henrique Costa. A decis\u00e3o reflete a preocupa\u00e7\u00e3o com a seguran\u00e7a interna e o monitoramento constante sobre presos de alta visibilidade e repercuss\u00e3o nacional. O sistema prisional do DF segue em alerta m\u00e1ximo para assegurar a integridade e a correta execu\u00e7\u00e3o das medidas cautelares, em um caso que continua a atrair a aten\u00e7\u00e3o da m\u00eddia e das autoridades. Acompanhe os desdobramentos desta movimenta\u00e7\u00e3o que impacta o dia a dia de um dos maiores pres\u00eddios do Brasil.<br \/>\nseguran\u00e7ap\u00fablica df brasilia noticiasdf bastidores crime isolamento pris\u00e3o detentos noticiasbrasilia informa\u00e7\u00e3o poder investiga\u00e7\u00e3o rotina presidiovip futuropolitico administra\u00e7\u00e3oprisional seguran\u00e7a fiqueportodentro<\/p>\n","protected":false},"excerpt":{"rendered":"<p>A rotina no Complexo Penitenci\u00e1rio da Papuda sofreu altera\u00e7\u00f5es estrat\u00e9gicas para garantir o isolamento absoluto de Daniel Vorcaro. A administra\u00e7\u00e3o prisional implementou medidas rigorosas para evitar qualquer tipo de contato ou encontro entre Vorcaro e Paulo Henrique Costa. A decis\u00e3o reflete a preocupa\u00e7\u00e3o com a seguran\u00e7a interna e o monitoramento constante sobre presos de alta [&hellip;]<\/p>\n","protected":false},"author":1,"featured_media":2924,"comment_status":"open","ping_status":"open","sticky":false,"template":"","format":"standard","meta":{"footnotes":""},"categories":[1],"tags":[],"class_list":["post-2923","post","type-post","status-publish","format-standard","has-post-thumbnail","hentry","category-sem-categoria"],"_links":{"self":[{"href":"https:\/\/verdadesenoticias.com.br\/site\/wp-json\/wp\/v2\/posts\/2923","targetHints":{"allow":["GET"]}}],"collection":[{"href":"https:\/\/verdadesenoticias.com.br\/site\/wp-json\/wp\/v2\/posts"}],"about":[{"href":"https:\/\/verdadesenoticias.com.br\/site\/wp-json\/wp\/v2\/types\/post"}],"author":[{"embeddable":true,"href":"https:\/\/verdadesenoticias.com.br\/site\/wp-json\/wp\/v2\/users\/1"}],"replies":[{"embeddable":true,"href":"https:\/\/verdadesenoticias.com.br\/site\/wp-json\/wp\/v2\/comments?post=2923"}],"version-history":[{"count":1,"href":"https:\/\/verdadesenoticias.com.br\/site\/wp-json\/wp\/v2\/posts\/2923\/revisions"}],"predecessor-version":[{"id":2925,"href":"https:\/\/verdadesenoticias.com.br\/site\/wp-json\/wp\/v2\/posts\/2923\/revisions\/2925"}],"wp:featuredmedia":[{"embeddable":true,"href":"https:\/\/verdadesenoticias.com.br\/site\/wp-json\/wp\/v2\/media\/2924"}],"wp:attachment":[{"href":"https:\/\/verdadesenoticias.com.br\/site\/wp-json\/wp\/v2\/media?parent=2923"}],"wp:term":[{"taxonomy":"category","embeddable":true,"href":"https:\/\/verdadesenoticias.com.br\/site\/wp-json\/wp\/v2\/categories?post=2923"},{"taxonomy":"post_tag","embeddable":true,"href":"https:\/\/verdadesenoticias.com.br\/site\/wp-json\/wp\/v2\/tags?post=2923"}],"curies":[{"name":"wp","href":"https:\/\/api.w.org\/{rel}","templated":true}]}}