{"id":2926,"date":"2026-07-03T12:18:54","date_gmt":"2026-07-03T15:18:54","guid":{"rendered":"https:\/\/verdadesenoticias.com.br\/site\/?p=2926"},"modified":"2026-07-30T09:12:56","modified_gmt":"2026-07-30T12:12:56","slug":"e-oficial-cristiano-ronaldo-finalmente-quebrou-o-tabu-e-marcou","status":"publish","type":"post","link":"https:\/\/verdadesenoticias.com.br\/site\/e-oficial-cristiano-ronaldo-finalmente-quebrou-o-tabu-e-marcou\/","title":{"rendered":"\u00c9 oficial: Cristiano Ronaldo finalmente quebrou o tabu e marcou"},"content":{"rendered":"<p>\u00c9 oficial: Cristiano Ronaldo finalmente quebrou o tabu e marcou seu primeiro gol em uma fase de mata-mata de Copa do Mundo. O craque portugu\u00eas, em uma exibi\u00e7\u00e3o de pura determina\u00e7\u00e3o e classe, garantiu a vit\u00f3ria de Portugal sobre a Cro\u00e1cia por 2 a 1, selando a classifica\u00e7\u00e3o para as oitavas de final do Mundial de 2026. Aos 39 anos, CR7 continua a reescrever os recordes do futebol, mostrando que sua sede de gols e vit\u00f3rias permanece insaci\u00e1vel. O momento hist\u00f3rico, transmitido com exclusividade pela Caz\u00e9 TV, parou o mundo do esporte e solidificou ainda mais o legado de Ronaldo como um dos maiores de todos os tempos. A torcida portuguesa celebra, e o mundo do futebol se curva diante da lenda.<br \/>\nmatamata futebol golhistorico recorde craque lenda sele\u00e7\u00e3oportuguesa croacia oitavasdefinal cazetv mundial fifaworldcup worldcup2026 futebolinternacional gols esporte vitoria emocao futeboldeelite<\/p>\n","protected":false},"excerpt":{"rendered":"<p>\u00c9 oficial: Cristiano Ronaldo finalmente quebrou o tabu e marcou seu primeiro gol em uma fase de mata-mata de Copa do Mundo. O craque portugu\u00eas, em uma exibi\u00e7\u00e3o de pura determina\u00e7\u00e3o e classe, garantiu a vit\u00f3ria de Portugal sobre a Cro\u00e1cia por 2 a 1, selando a classifica\u00e7\u00e3o para as oitavas de final do Mundial [&hellip;]<\/p>\n","protected":false},"author":1,"featured_media":2927,"comment_status":"open","ping_status":"open","sticky":false,"template":"","format":"standard","meta":{"footnotes":""},"categories":[1],"tags":[],"class_list":["post-2926","post","type-post","status-publish","format-standard","has-post-thumbnail","hentry","category-sem-categoria"],"_links":{"self":[{"href":"https:\/\/verdadesenoticias.com.br\/site\/wp-json\/wp\/v2\/posts\/2926","targetHints":{"allow":["GET"]}}],"collection":[{"href":"https:\/\/verdadesenoticias.com.br\/site\/wp-json\/wp\/v2\/posts"}],"about":[{"href":"https:\/\/verdadesenoticias.com.br\/site\/wp-json\/wp\/v2\/types\/post"}],"author":[{"embeddable":true,"href":"https:\/\/verdadesenoticias.com.br\/site\/wp-json\/wp\/v2\/users\/1"}],"replies":[{"embeddable":true,"href":"https:\/\/verdadesenoticias.com.br\/site\/wp-json\/wp\/v2\/comments?post=2926"}],"version-history":[{"count":1,"href":"https:\/\/verdadesenoticias.com.br\/site\/wp-json\/wp\/v2\/posts\/2926\/revisions"}],"predecessor-version":[{"id":2928,"href":"https:\/\/verdadesenoticias.com.br\/site\/wp-json\/wp\/v2\/posts\/2926\/revisions\/2928"}],"wp:featuredmedia":[{"embeddable":true,"href":"https:\/\/verdadesenoticias.com.br\/site\/wp-json\/wp\/v2\/media\/2927"}],"wp:attachment":[{"href":"https:\/\/verdadesenoticias.com.br\/site\/wp-json\/wp\/v2\/media?parent=2926"}],"wp:term":[{"taxonomy":"category","embeddable":true,"href":"https:\/\/verdadesenoticias.com.br\/site\/wp-json\/wp\/v2\/categories?post=2926"},{"taxonomy":"post_tag","embeddable":true,"href":"https:\/\/verdadesenoticias.com.br\/site\/wp-json\/wp\/v2\/tags?post=2926"}],"curies":[{"name":"wp","href":"https:\/\/api.w.org\/{rel}","templated":true}]}}