{"id":2932,"date":"2026-07-03T13:25:05","date_gmt":"2026-07-03T16:25:05","guid":{"rendered":"https:\/\/verdadesenoticias.com.br\/site\/?p=2932"},"modified":"2026-07-30T09:12:58","modified_gmt":"2026-07-30T12:12:58","slug":"em-uma-decisao-que-redesenha-o-tabuleiro-politico-do-distrito","status":"publish","type":"post","link":"https:\/\/verdadesenoticias.com.br\/site\/em-uma-decisao-que-redesenha-o-tabuleiro-politico-do-distrito\/","title":{"rendered":"Em uma decis\u00e3o que redesenha o tabuleiro pol\u00edtico do Distrito"},"content":{"rendered":"<p>Em uma decis\u00e3o que redesenha o tabuleiro pol\u00edtico do Distrito Federal, Valdemar Costa Neto, presidente nacional do PL, vetou oficialmente a pr\u00e9-candidatura do senador Izalci Lucas ao Governo do Distrito Federal (GDF). A orienta\u00e7\u00e3o da c\u00fapula do partido \u00e9 clara: Izalci deve concentrar todos os seus esfor\u00e7os na busca pela reelei\u00e7\u00e3o ao Senado em 2026, uma disputa que se projeta como altamente competitiva e desafiadora. O movimento de Valdemar busca alinhar as estrat\u00e9gias locais com os planos nacionais do PL, consolidando a bancada no Senado. Enquanto Izalci recalcula sua rota e se prepara para a batalha, os bastidores pol\u00edticos do DF fervem com as poss\u00edveis alian\u00e7as e candidaturas que surgir\u00e3o para ocupar o espa\u00e7o deixado no GDF. Acompanhe a cobertura exclusiva desta reviravolta no poder local.<br \/>\nsenado elei\u00e7\u00f5es veto estrat\u00e9gia bras\u00edlia df poder partidoliberal reelei\u00e7\u00e3o governododistritofederal bastidores analisepolitica tabelatubopolitico futuropolitico decisao candidatura noticiasdf politicabrasil<\/p>\n","protected":false},"excerpt":{"rendered":"<p>Em uma decis\u00e3o que redesenha o tabuleiro pol\u00edtico do Distrito Federal, Valdemar Costa Neto, presidente nacional do PL, vetou oficialmente a pr\u00e9-candidatura do senador Izalci Lucas ao Governo do Distrito Federal (GDF). A orienta\u00e7\u00e3o da c\u00fapula do partido \u00e9 clara: Izalci deve concentrar todos os seus esfor\u00e7os na busca pela reelei\u00e7\u00e3o ao Senado em 2026, [&hellip;]<\/p>\n","protected":false},"author":1,"featured_media":2933,"comment_status":"open","ping_status":"open","sticky":false,"template":"","format":"standard","meta":{"footnotes":""},"categories":[1],"tags":[],"class_list":["post-2932","post","type-post","status-publish","format-standard","has-post-thumbnail","hentry","category-sem-categoria"],"_links":{"self":[{"href":"https:\/\/verdadesenoticias.com.br\/site\/wp-json\/wp\/v2\/posts\/2932","targetHints":{"allow":["GET"]}}],"collection":[{"href":"https:\/\/verdadesenoticias.com.br\/site\/wp-json\/wp\/v2\/posts"}],"about":[{"href":"https:\/\/verdadesenoticias.com.br\/site\/wp-json\/wp\/v2\/types\/post"}],"author":[{"embeddable":true,"href":"https:\/\/verdadesenoticias.com.br\/site\/wp-json\/wp\/v2\/users\/1"}],"replies":[{"embeddable":true,"href":"https:\/\/verdadesenoticias.com.br\/site\/wp-json\/wp\/v2\/comments?post=2932"}],"version-history":[{"count":1,"href":"https:\/\/verdadesenoticias.com.br\/site\/wp-json\/wp\/v2\/posts\/2932\/revisions"}],"predecessor-version":[{"id":2934,"href":"https:\/\/verdadesenoticias.com.br\/site\/wp-json\/wp\/v2\/posts\/2932\/revisions\/2934"}],"wp:featuredmedia":[{"embeddable":true,"href":"https:\/\/verdadesenoticias.com.br\/site\/wp-json\/wp\/v2\/media\/2933"}],"wp:attachment":[{"href":"https:\/\/verdadesenoticias.com.br\/site\/wp-json\/wp\/v2\/media?parent=2932"}],"wp:term":[{"taxonomy":"category","embeddable":true,"href":"https:\/\/verdadesenoticias.com.br\/site\/wp-json\/wp\/v2\/categories?post=2932"},{"taxonomy":"post_tag","embeddable":true,"href":"https:\/\/verdadesenoticias.com.br\/site\/wp-json\/wp\/v2\/tags?post=2932"}],"curies":[{"name":"wp","href":"https:\/\/api.w.org\/{rel}","templated":true}]}}