{"id":2938,"date":"2026-07-03T14:56:31","date_gmt":"2026-07-03T17:56:31","guid":{"rendered":"https:\/\/verdadesenoticias.com.br\/site\/?p=2938"},"modified":"2026-07-30T09:13:00","modified_gmt":"2026-07-30T12:13:00","slug":"em-uma-declaracao-que-sacudiu-os-bastidores-politicos-valdemar-costa","status":"publish","type":"post","link":"https:\/\/verdadesenoticias.com.br\/site\/em-uma-declaracao-que-sacudiu-os-bastidores-politicos-valdemar-costa\/","title":{"rendered":"Em uma declara\u00e7\u00e3o que sacudiu os bastidores pol\u00edticos, Valdemar Costa"},"content":{"rendered":"<p>Em uma declara\u00e7\u00e3o que sacudiu os bastidores pol\u00edticos, Valdemar Costa Neto, presidente nacional do PL, confirmou oficialmente o recuo de Michelle Bolsonaro em sua pretens\u00e3o de disputar uma vaga no Senado pelo Distrito Federal em 2026. Segundo Valdemar, Michelle sinalizou que, no momento, n\u00e3o tem planos para concorrer ao cargo, o que obriga o partido a recalcular suas estrat\u00e9gias para a capital. A not\u00edcia abre espa\u00e7o para novas candidaturas e alian\u00e7as dentro do PL e da direita local, redesenhando o tabuleiro eleitoral e gerando uma onda de especula\u00e7\u00f5es sobre os reais motivos e os pr\u00f3ximos passos da ex-primeira-dama. Acompanhe a cobertura exclusiva desta reviravolta que promete impactar o futuro pol\u00edtico do DF.<br \/>\nsenado elei\u00e7\u00f5es recuo estrat\u00e9gia bras\u00edlia bastidores poder partidoliberal elei\u00e7\u00f5es2026 tabelatubopolitico futuropolitico decisao candidatura noticias alinhamento direita conservadores noticiasdf<\/p>\n","protected":false},"excerpt":{"rendered":"<p>Em uma declara\u00e7\u00e3o que sacudiu os bastidores pol\u00edticos, Valdemar Costa Neto, presidente nacional do PL, confirmou oficialmente o recuo de Michelle Bolsonaro em sua pretens\u00e3o de disputar uma vaga no Senado pelo Distrito Federal em 2026. Segundo Valdemar, Michelle sinalizou que, no momento, n\u00e3o tem planos para concorrer ao cargo, o que obriga o partido [&hellip;]<\/p>\n","protected":false},"author":1,"featured_media":2939,"comment_status":"open","ping_status":"open","sticky":false,"template":"","format":"standard","meta":{"footnotes":""},"categories":[1],"tags":[],"class_list":["post-2938","post","type-post","status-publish","format-standard","has-post-thumbnail","hentry","category-sem-categoria"],"_links":{"self":[{"href":"https:\/\/verdadesenoticias.com.br\/site\/wp-json\/wp\/v2\/posts\/2938","targetHints":{"allow":["GET"]}}],"collection":[{"href":"https:\/\/verdadesenoticias.com.br\/site\/wp-json\/wp\/v2\/posts"}],"about":[{"href":"https:\/\/verdadesenoticias.com.br\/site\/wp-json\/wp\/v2\/types\/post"}],"author":[{"embeddable":true,"href":"https:\/\/verdadesenoticias.com.br\/site\/wp-json\/wp\/v2\/users\/1"}],"replies":[{"embeddable":true,"href":"https:\/\/verdadesenoticias.com.br\/site\/wp-json\/wp\/v2\/comments?post=2938"}],"version-history":[{"count":1,"href":"https:\/\/verdadesenoticias.com.br\/site\/wp-json\/wp\/v2\/posts\/2938\/revisions"}],"predecessor-version":[{"id":2940,"href":"https:\/\/verdadesenoticias.com.br\/site\/wp-json\/wp\/v2\/posts\/2938\/revisions\/2940"}],"wp:featuredmedia":[{"embeddable":true,"href":"https:\/\/verdadesenoticias.com.br\/site\/wp-json\/wp\/v2\/media\/2939"}],"wp:attachment":[{"href":"https:\/\/verdadesenoticias.com.br\/site\/wp-json\/wp\/v2\/media?parent=2938"}],"wp:term":[{"taxonomy":"category","embeddable":true,"href":"https:\/\/verdadesenoticias.com.br\/site\/wp-json\/wp\/v2\/categories?post=2938"},{"taxonomy":"post_tag","embeddable":true,"href":"https:\/\/verdadesenoticias.com.br\/site\/wp-json\/wp\/v2\/tags?post=2938"}],"curies":[{"name":"wp","href":"https:\/\/api.w.org\/{rel}","templated":true}]}}