{"id":2941,"date":"2026-07-03T15:25:05","date_gmt":"2026-07-03T18:25:05","guid":{"rendered":"https:\/\/verdadesenoticias.com.br\/site\/?p=2941"},"modified":"2026-07-30T09:13:01","modified_gmt":"2026-07-30T12:13:01","slug":"uma-emenda-parlamentar-do-deputado-fred-linhares-republicanos-df-levantou-questionamentos","status":"publish","type":"post","link":"https:\/\/verdadesenoticias.com.br\/site\/uma-emenda-parlamentar-do-deputado-fred-linhares-republicanos-df-levantou-questionamentos\/","title":{"rendered":"Uma emenda parlamentar do deputado Fred Linhares (Republicanos-DF) levantou questionamentos"},"content":{"rendered":"<p>Uma emenda parlamentar do deputado Fred Linhares (Republicanos-DF) levantou questionamentos e abriu espa\u00e7o para debates sobre a transpar\u00eancia no uso de recursos p\u00fablicos. Linhares destinou R$ 964 mil para uma empresa que pertence ao seu ex-chefe de gabinete, um movimento que gerou cr\u00edticas e pedidos de explica\u00e7\u00f5es. Enquanto o deputado defende a legalidade e a finalidade da emenda, alegando que o recurso foi destinado para projetos leg\u00edtimos, o caso reacende a discuss\u00e3o sobre a \u00e9tica e a impessoalidade na administra\u00e7\u00e3o de verbas parlamentares. O montante, pr\u00f3ximo de R$ 1 milh\u00e3o, foi alocado para projetos no Distrito Federal, e a rela\u00e7\u00e3o de proximidade entre o parlamentar e o benefici\u00e1rio da emenda \u00e9 o ponto central da pol\u00eamica. Fique por dentro dos detalhes desta complexa trama pol\u00edtica e financeira.<br \/>\ntranspar\u00eancia verba exchefedegabinete pol\u00eamica republicanos noticiasdf bastidores poder \u00e9ticanoesporte impessoalidade recursopublico parlamentar investiga\u00e7\u00e3o fiqueportodentro noticias debate administra\u00e7\u00e3opublica<\/p>\n","protected":false},"excerpt":{"rendered":"<p>Uma emenda parlamentar do deputado Fred Linhares (Republicanos-DF) levantou questionamentos e abriu espa\u00e7o para debates sobre a transpar\u00eancia no uso de recursos p\u00fablicos. Linhares destinou R$ 964 mil para uma empresa que pertence ao seu ex-chefe de gabinete, um movimento que gerou cr\u00edticas e pedidos de explica\u00e7\u00f5es. Enquanto o deputado defende a legalidade e a [&hellip;]<\/p>\n","protected":false},"author":1,"featured_media":2942,"comment_status":"open","ping_status":"open","sticky":false,"template":"","format":"standard","meta":{"footnotes":""},"categories":[1],"tags":[],"class_list":["post-2941","post","type-post","status-publish","format-standard","has-post-thumbnail","hentry","category-sem-categoria"],"_links":{"self":[{"href":"https:\/\/verdadesenoticias.com.br\/site\/wp-json\/wp\/v2\/posts\/2941","targetHints":{"allow":["GET"]}}],"collection":[{"href":"https:\/\/verdadesenoticias.com.br\/site\/wp-json\/wp\/v2\/posts"}],"about":[{"href":"https:\/\/verdadesenoticias.com.br\/site\/wp-json\/wp\/v2\/types\/post"}],"author":[{"embeddable":true,"href":"https:\/\/verdadesenoticias.com.br\/site\/wp-json\/wp\/v2\/users\/1"}],"replies":[{"embeddable":true,"href":"https:\/\/verdadesenoticias.com.br\/site\/wp-json\/wp\/v2\/comments?post=2941"}],"version-history":[{"count":1,"href":"https:\/\/verdadesenoticias.com.br\/site\/wp-json\/wp\/v2\/posts\/2941\/revisions"}],"predecessor-version":[{"id":2943,"href":"https:\/\/verdadesenoticias.com.br\/site\/wp-json\/wp\/v2\/posts\/2941\/revisions\/2943"}],"wp:featuredmedia":[{"embeddable":true,"href":"https:\/\/verdadesenoticias.com.br\/site\/wp-json\/wp\/v2\/media\/2942"}],"wp:attachment":[{"href":"https:\/\/verdadesenoticias.com.br\/site\/wp-json\/wp\/v2\/media?parent=2941"}],"wp:term":[{"taxonomy":"category","embeddable":true,"href":"https:\/\/verdadesenoticias.com.br\/site\/wp-json\/wp\/v2\/categories?post=2941"},{"taxonomy":"post_tag","embeddable":true,"href":"https:\/\/verdadesenoticias.com.br\/site\/wp-json\/wp\/v2\/tags?post=2941"}],"curies":[{"name":"wp","href":"https:\/\/api.w.org\/{rel}","templated":true}]}}