{"id":2959,"date":"2026-07-03T19:10:07","date_gmt":"2026-07-03T22:10:07","guid":{"rendered":"https:\/\/verdadesenoticias.com.br\/site\/?p=2959"},"modified":"2026-07-30T09:13:08","modified_gmt":"2026-07-30T12:13:08","slug":"mudanca-de-peso-no-comando-da-articulacao-governista-o-ex-ministro","status":"publish","type":"post","link":"https:\/\/verdadesenoticias.com.br\/site\/mudanca-de-peso-no-comando-da-articulacao-governista-o-ex-ministro\/","title":{"rendered":"Mudan\u00e7a de peso no comando da articula\u00e7\u00e3o governista. O ex-ministro"},"content":{"rendered":"<p>Mudan\u00e7a de peso no comando da articula\u00e7\u00e3o governista. O ex-ministro Camilo Santana deve se tornar o novo l\u00edder do PT no Senado Federal. Conhecido por seu perfil conciliador, mas de pulso firme, Santana assume a miss\u00e3o de unificar a base aliada e garantir a aprova\u00e7\u00e3o de pautas cruciais para o Pal\u00e1cio do Planalto. A decis\u00e3o reflete o desejo do partido de fortalecer a interlocu\u00e7\u00e3o pol\u00edtica em um momento de alta polariza\u00e7\u00e3o. O novo l\u00edder ter\u00e1 o desafio de blindar o governo e liderar os debates mais quentes da comiss\u00e3o.<br \/>\nGovernoFederal ArticulacaoPolitica CongressoNacional Lideran\u00e7aPolitica NoticiasBrasil PoderLegislativo EsplanadaDosMinisterios Brasilia<\/p>\n","protected":false},"excerpt":{"rendered":"<p>Mudan\u00e7a de peso no comando da articula\u00e7\u00e3o governista. O ex-ministro Camilo Santana deve se tornar o novo l\u00edder do PT no Senado Federal. Conhecido por seu perfil conciliador, mas de pulso firme, Santana assume a miss\u00e3o de unificar a base aliada e garantir a aprova\u00e7\u00e3o de pautas cruciais para o Pal\u00e1cio do Planalto. A decis\u00e3o [&hellip;]<\/p>\n","protected":false},"author":1,"featured_media":2960,"comment_status":"open","ping_status":"open","sticky":false,"template":"","format":"standard","meta":{"footnotes":""},"categories":[1],"tags":[],"class_list":["post-2959","post","type-post","status-publish","format-standard","has-post-thumbnail","hentry","category-sem-categoria"],"_links":{"self":[{"href":"https:\/\/verdadesenoticias.com.br\/site\/wp-json\/wp\/v2\/posts\/2959","targetHints":{"allow":["GET"]}}],"collection":[{"href":"https:\/\/verdadesenoticias.com.br\/site\/wp-json\/wp\/v2\/posts"}],"about":[{"href":"https:\/\/verdadesenoticias.com.br\/site\/wp-json\/wp\/v2\/types\/post"}],"author":[{"embeddable":true,"href":"https:\/\/verdadesenoticias.com.br\/site\/wp-json\/wp\/v2\/users\/1"}],"replies":[{"embeddable":true,"href":"https:\/\/verdadesenoticias.com.br\/site\/wp-json\/wp\/v2\/comments?post=2959"}],"version-history":[{"count":1,"href":"https:\/\/verdadesenoticias.com.br\/site\/wp-json\/wp\/v2\/posts\/2959\/revisions"}],"predecessor-version":[{"id":2961,"href":"https:\/\/verdadesenoticias.com.br\/site\/wp-json\/wp\/v2\/posts\/2959\/revisions\/2961"}],"wp:featuredmedia":[{"embeddable":true,"href":"https:\/\/verdadesenoticias.com.br\/site\/wp-json\/wp\/v2\/media\/2960"}],"wp:attachment":[{"href":"https:\/\/verdadesenoticias.com.br\/site\/wp-json\/wp\/v2\/media?parent=2959"}],"wp:term":[{"taxonomy":"category","embeddable":true,"href":"https:\/\/verdadesenoticias.com.br\/site\/wp-json\/wp\/v2\/categories?post=2959"},{"taxonomy":"post_tag","embeddable":true,"href":"https:\/\/verdadesenoticias.com.br\/site\/wp-json\/wp\/v2\/tags?post=2959"}],"curies":[{"name":"wp","href":"https:\/\/api.w.org\/{rel}","templated":true}]}}