{"id":2962,"date":"2026-07-03T19:50:05","date_gmt":"2026-07-03T22:50:05","guid":{"rendered":"https:\/\/verdadesenoticias.com.br\/site\/?p=2962"},"modified":"2026-07-30T09:13:09","modified_gmt":"2026-07-30T12:13:09","slug":"o-fim-de-uma-era-gloriosa-no-futebol-mundial-o","status":"publish","type":"post","link":"https:\/\/verdadesenoticias.com.br\/site\/o-fim-de-uma-era-gloriosa-no-futebol-mundial-o\/","title":{"rendered":"O fim de uma era gloriosa no futebol mundial. O"},"content":{"rendered":"<p>O fim de uma era gloriosa no futebol mundial. O craque Luka Modric se despediu oficialmente dos palcos da Copa do Mundo ap\u00f3s uma derrota dolorosa da Cro\u00e1cia para a sele\u00e7\u00e3o de Portugal na Copa 26. O camisa 10, que encantou o planeta com sua genialidade, vis\u00e3o de jogo e eleg\u00e2ncia em campo, deixa os gramados do maior torneio da Terra sob aplausos de torcedores de todas as na\u00e7\u00f5es. Um momento hist\u00f3rico e emocionante que marca o encerramento do ciclo de um dos maiores meio-campistas da hist\u00f3ria do futebol contempor\u00e2neo. Obrigado por tudo, Modric!<br \/>\nPortugal AdeusModric LendaDoFutebol CopadoMundo FutebolInternacional Camisa10 Hist\u00f3riaDoFutebol DespedidaGuerreiro Craque EsporteEspetacular<\/p>\n","protected":false},"excerpt":{"rendered":"<p>O fim de uma era gloriosa no futebol mundial. O craque Luka Modric se despediu oficialmente dos palcos da Copa do Mundo ap\u00f3s uma derrota dolorosa da Cro\u00e1cia para a sele\u00e7\u00e3o de Portugal na Copa 26. O camisa 10, que encantou o planeta com sua genialidade, vis\u00e3o de jogo e eleg\u00e2ncia em campo, deixa os [&hellip;]<\/p>\n","protected":false},"author":1,"featured_media":2963,"comment_status":"open","ping_status":"open","sticky":false,"template":"","format":"standard","meta":{"footnotes":""},"categories":[1],"tags":[],"class_list":["post-2962","post","type-post","status-publish","format-standard","has-post-thumbnail","hentry","category-sem-categoria"],"_links":{"self":[{"href":"https:\/\/verdadesenoticias.com.br\/site\/wp-json\/wp\/v2\/posts\/2962","targetHints":{"allow":["GET"]}}],"collection":[{"href":"https:\/\/verdadesenoticias.com.br\/site\/wp-json\/wp\/v2\/posts"}],"about":[{"href":"https:\/\/verdadesenoticias.com.br\/site\/wp-json\/wp\/v2\/types\/post"}],"author":[{"embeddable":true,"href":"https:\/\/verdadesenoticias.com.br\/site\/wp-json\/wp\/v2\/users\/1"}],"replies":[{"embeddable":true,"href":"https:\/\/verdadesenoticias.com.br\/site\/wp-json\/wp\/v2\/comments?post=2962"}],"version-history":[{"count":1,"href":"https:\/\/verdadesenoticias.com.br\/site\/wp-json\/wp\/v2\/posts\/2962\/revisions"}],"predecessor-version":[{"id":2964,"href":"https:\/\/verdadesenoticias.com.br\/site\/wp-json\/wp\/v2\/posts\/2962\/revisions\/2964"}],"wp:featuredmedia":[{"embeddable":true,"href":"https:\/\/verdadesenoticias.com.br\/site\/wp-json\/wp\/v2\/media\/2963"}],"wp:attachment":[{"href":"https:\/\/verdadesenoticias.com.br\/site\/wp-json\/wp\/v2\/media?parent=2962"}],"wp:term":[{"taxonomy":"category","embeddable":true,"href":"https:\/\/verdadesenoticias.com.br\/site\/wp-json\/wp\/v2\/categories?post=2962"},{"taxonomy":"post_tag","embeddable":true,"href":"https:\/\/verdadesenoticias.com.br\/site\/wp-json\/wp\/v2\/tags?post=2962"}],"curies":[{"name":"wp","href":"https:\/\/api.w.org\/{rel}","templated":true}]}}